{"id":2934,"date":"2020-01-28T15:22:19","date_gmt":"2020-01-28T14:22:19","guid":{"rendered":"https:\/\/egn.com\/dk\/?p=2934"},"modified":"2021-09-16T12:47:31","modified_gmt":"2021-09-16T10:47:31","slug":"klumme-er-det-tid-at-laere-et-nyt-sprog","status":"publish","type":"post","link":"https:\/\/egn.com\/dk\/klumme-er-det-tid-at-laere-et-nyt-sprog\/","title":{"rendered":"Klumme: Er det tid at l\u00e6re et nyt sprog?"},"content":{"rendered":"\t\t<div data-elementor-type=\"wp-post\" data-elementor-id=\"2934\" class=\"elementor elementor-2934\">\n\t\t\t\t\t\t<section class=\"elementor-section elementor-top-section elementor-element elementor-element-4c81d4a8 elementor-section-boxed elementor-section-height-default elementor-section-height-default\" data-id=\"4c81d4a8\" data-element_type=\"section\">\n\t\t\t\t\t\t<div class=\"elementor-container elementor-column-gap-default\">\n\t\t\t\t\t<div class=\"elementor-column elementor-col-100 elementor-top-column elementor-element elementor-element-65fab364\" data-id=\"65fab364\" data-element_type=\"column\">\n\t\t\t<div class=\"elementor-widget-wrap elementor-element-populated\">\n\t\t\t\t\t\t<div class=\"elementor-element elementor-element-73fffa57 elementor-widget elementor-widget-text-editor\" data-id=\"73fffa57\" data-element_type=\"widget\" data-widget_type=\"text-editor.default\">\n\t\t\t\t<div class=\"elementor-widget-container\">\n\t\t\t\t\t\t\t\t\t<p>I en tid hvor alle taler om digitale muligheder, digital transformation og teknologisk revolution, st\u00e5r man ofte som leder overfor at skulle forholde sig til nye, uudforskede territorier.<\/p><p>Og ikke nok med det. De begreber og teknologier, der fylder i dagligdagen, kan v\u00e6re ret fremmede for selv en meget erfaren leder.<\/p><p>St\u00f8rstedelen af danske ledere er uddannet og skolet i en tid f\u00f8r den digitale tidsalder, f\u00f8r den fjerde industrielle revolution, f\u00f8r sociale medier og f\u00f8r meget andet, som er blevet \u2013 eller er ved at blive \u2013 en integreret del af erhvervslivet i dag.<\/p><p><strong>Topledelse og HTML-kodning<\/strong><br \/>Hvordan kommer man p\u00e5 omgangsh\u00f8jde med de nye, teknologiske muligheder og v\u00e6rkt\u00f8jer? Skal man forst\u00e5 det hele i detaljer for at kunne lede, v\u00e6lge og prioritere?<\/p><p>Det er sp\u00f8rgsm\u00e5l, som jeg kan h\u00f8re optager mange ledere i mit netv\u00e6rk.<\/p><p><a href=\"https:\/\/egn.com\/dk\/insights\/egns-digitale-ordbog-for-ledere-og-andre-tech-novicer\/\" target=\"_blank\" rel=\"noopener noreferrer\">L\u00e6s ogs\u00e5:\u00a0EGN\u2019s digitale ordbog for ledere og (andre) tech-novicer<\/a><\/p><p>Forleden talte jeg med en topleder, der havde sat sig for at l\u00e6re basal HTML-kodning, for simpelthen at kunne forst\u00e5 sine medarbejdere. Andre holder sig til de st\u00f8rre strategiske valg, og stoler p\u00e5 at have det rigtige team med den relevante viden med sig i beslutningsprocessen.<\/p><p>Der er som altid ikke \u00e9n rigtig tilgang. Men som leder er man n\u00f8dt til at forholde sig til det \u2013 det vil jeg i hvert fald mene.<\/p><p><strong>Det er n\u00f8dvendigt at forst\u00e5 mulighederne<\/strong><br \/>Et andet sp\u00f8rgsm\u00e5l, som ofte popper op i de ledernetv\u00e6rk, jeg f\u00e6rdes i, er, hvorledes man organiserer sig rundt om de nye teknologier:<\/p><p>Skal man have en digital afdeling, eller er det digitale s\u00e5 stor en del af forretningen, at det skal indg\u00e5 som kompetence i alle led per default?<\/p><p>Det afh\u00e6nger naturligvis af virksomhedens produkt eller services, og hvordan man s\u00e6lger og leverer det til markedet \u2013 men jeg kan ikke f\u00e5 \u00f8je p\u00e5 mange virksomheder, som helt kan undsl\u00e5 sig de nye teknologiske l\u00f8sninger og virkemidler.<\/p><blockquote><p>Vi er langt fra i m\u00e5l med vores omstilling, men det digitale er ved at blive en integreret del af virksomheden, og har allerede nu betydet forandringer i den m\u00e5de vi t\u00e6nker og arbejder p\u00e5.<\/p><\/blockquote><p>Derfor bliver den teknologiske forst\u00e5else for at udnytte mulighederne optimalt n\u00f8dvendig i flere og flere funktioner og organisatoriske lag. For at kunne h\u00e5ndtere disse justeringer, for at kunne tilpasse organisationen og for at kunne tr\u00e6ffe de rette beslutninger, er sp\u00f8rgsm\u00e5let, om det er n\u00f8dvendigt at l\u00e6re sig et nyt sprog?<\/p><p>Alle forkortelserne, alle teknologierne, alle mulighederne og truslerne, pr\u00e6senterer sig i andre formater end for bare fem \u00e5r siden.<\/p><p>I vores egen virksomhed har det betydet nye kolleger med nye kompetencer, samt udvikling af nye digitale services, b\u00e5de p\u00e5 de interne linjer, i vores kommunikation med markedet og som en del af medlemsoplevelsen.<\/p><p><strong>Den digitale parl\u00f8r<\/strong><br \/>Vi er langt fra i m\u00e5l med vores omstilling, men det digitale er ved at blive en integreret del af virksomheden, og har allerede nu betydet forandringer i den m\u00e5de vi t\u00e6nker og arbejder p\u00e5. Vi er ved at l\u00e6re et nyt sprog \u2013 ikke kun p\u00e5 ledelsesplan, men i hele organisationen.<\/p><p>Og efter min mening, har alle ledere \u2013 p\u00e5 alle niveauer \u2013 en opgave i at s\u00e6tte sig ind i den nye begrebsverden, s\u00e5 de b\u00e5de er i stand til at forst\u00e5 og formidle udviklingen i organisationen.<\/p><p><a href=\"https:\/\/egn.com\/dk\/insights\/fremtiden-er-her-nu-men-taenk-dig-om-inden-du-digitaliserer\/\" target=\"_blank\" rel=\"noopener noreferrer\">L\u00e6s ogs\u00e5:\u00a0Fremtiden er her nu: Men t\u00e6nk dig om, inden du digitaliserer<\/a><\/p><p>S\u00e5 efter min mening er svaret ja: Lederen har en opgave i at s\u00e6tte sig ind i det nye sprog p\u00e5 en s\u00e5dan m\u00e5de, at han eller hun bliver i stand til at formidle til sine kolleger hvad man vil og hvordan man vil det.<\/p><p>S\u00e5 v\u00e6r nysgerrig. Lav din egen lille parl\u00f8r. Og selvf\u00f8lgelig husk at bruge dine kolleger og dit <a href=\"https:\/\/egn.com\/dk\/ti-personer-du-skal-have-i-dit-professionelle-netvaerk\/\">professionelle netv\u00e6rk<\/a> til at sp\u00f8rge, lytte og l\u00e6re \u2013 uden at fral\u00e6gge dig ansvaret som leder. For der skal tr\u00e6ffes strategiske beslutninger undervejs. Ogs\u00e5 selvom du endnu ikke taler sproget flydende.<\/p>\t\t\t\t\t\t\t\t<\/div>\n\t\t\t\t<\/div>\n\t\t\t\t\t<\/div>\n\t\t<\/div>\n\t\t\t\t\t<\/div>\n\t\t<\/section>\n\t\t\t\t<\/div>\n\t\t","protected":false},"excerpt":{"rendered":"<p>I en tid hvor alle taler om digitale muligheder, digital transformation og teknologisk revolution, st\u00e5r man ofte som leder overfor at skulle forholde sig til nye, uudforskede territorier. Og ikke nok med det. De begreber og teknologier, der fylder i dagligdagen, kan v\u00e6re ret fremmede for selv en meget erfaren leder. St\u00f8rstedelen af danske ledere<a href=\"https:\/\/egn.com\/dk\/klumme-er-det-tid-at-laere-et-nyt-sprog\/\">Forts\u00e6t med at l\u00e6se <span class=\"sr-only\">&#8220;Klumme: Er det tid at l\u00e6re et nyt sprog?&#8221;<\/span><\/a><\/p>\n","protected":false},"author":15,"featured_media":2913,"comment_status":"closed","ping_status":"open","sticky":false,"template":"insight-single.php","format":"standard","meta":{"_acf_changed":false,"footnotes":""},"categories":[3],"tags":[],"class_list":["post-2934","post","type-post","status-publish","format-standard","has-post-thumbnail","hentry","category-insights"],"acf":[],"yoast_head":"<title>Klumme: Er det tid at l\u00e6re et nyt sprog? - EGN Danmark<\/title>\n<meta name=\"description\" content=\"N\u00e5rr alle taler om digitale muligheder, digital transformation og teknologisk revolution, st\u00e5r man ofte som leder og skal forholde sig til nye territorier.\" \/>\n<meta name=\"robots\" content=\"index, follow, max-snippet:-1, max-image-preview:large, max-video-preview:-1\" \/>\n<link rel=\"canonical\" href=\"https:\/\/egn.com\/dk\/klumme-er-det-tid-at-laere-et-nyt-sprog\/\" \/>\n<meta property=\"og:locale\" content=\"da_DK\" \/>\n<meta property=\"og:type\" content=\"article\" \/>\n<meta property=\"og:title\" content=\"Klumme: Er det tid at l\u00e6re et nyt sprog?\" \/>\n<meta property=\"og:description\" content=\"I en tid hvor alle taler om digitale muligheder, digital transformation og teknologisk revolution, st\u00e5r man ofte som leder overfor at skulle forholde sig\" \/>\n<meta property=\"og:url\" content=\"https:\/\/egn.com\/dk\/klumme-er-det-tid-at-laere-et-nyt-sprog\/\" \/>\n<meta property=\"og:site_name\" content=\"EGN Danmark\" \/>\n<meta property=\"article:publisher\" content=\"https:\/\/www.facebook.com\/EGNdanmark\" \/>\n<meta property=\"article:published_time\" content=\"2020-01-28T14:22:19+00:00\" \/>\n<meta property=\"article:modified_time\" content=\"2021-09-16T10:47:31+00:00\" \/>\n<meta property=\"og:image\" content=\"https:\/\/egn.com\/dk\/wp-content\/uploads\/sites\/3\/2020\/01\/JP5.jpg\" \/>\n\t<meta property=\"og:image:width\" content=\"1090\" \/>\n\t<meta property=\"og:image:height\" content=\"545\" \/>\n\t<meta property=\"og:image:type\" content=\"image\/jpeg\" \/>\n<meta name=\"author\" content=\"stinepedersen\" \/>\n<meta name=\"twitter:card\" content=\"summary_large_image\" \/>\n<meta name=\"twitter:creator\" content=\"@EGNdanmark\" \/>\n<meta name=\"twitter:site\" content=\"@EGNdanmark\" \/>\n<meta name=\"twitter:label1\" content=\"Skrevet af\" \/>\n\t<meta name=\"twitter:data1\" content=\"stinepedersen\" \/>\n\t<meta name=\"twitter:label2\" content=\"Estimeret l\u00e6setid\" \/>\n\t<meta name=\"twitter:data2\" content=\"3 minutter\" \/>\n<script type=\"application\/ld+json\" class=\"yoast-schema-graph\">{\"@context\":\"https:\\\/\\\/schema.org\",\"@graph\":[{\"@type\":\"Article\",\"@id\":\"https:\\\/\\\/egn.com\\\/dk\\\/klumme-er-det-tid-at-laere-et-nyt-sprog\\\/#article\",\"isPartOf\":{\"@id\":\"https:\\\/\\\/egn.com\\\/dk\\\/klumme-er-det-tid-at-laere-et-nyt-sprog\\\/\"},\"author\":{\"name\":\"stinepedersen\",\"@id\":\"https:\\\/\\\/egn.com\\\/dk\\\/#\\\/schema\\\/person\\\/9c08f0b773d24648379d33dcae85a3af\"},\"headline\":\"Klumme: Er det tid at l\u00e6re et nyt sprog?\",\"datePublished\":\"2020-01-28T14:22:19+00:00\",\"dateModified\":\"2021-09-16T10:47:31+00:00\",\"mainEntityOfPage\":{\"@id\":\"https:\\\/\\\/egn.com\\\/dk\\\/klumme-er-det-tid-at-laere-et-nyt-sprog\\\/\"},\"wordCount\":714,\"publisher\":{\"@id\":\"https:\\\/\\\/egn.com\\\/dk\\\/#organization\"},\"image\":{\"@id\":\"https:\\\/\\\/egn.com\\\/dk\\\/klumme-er-det-tid-at-laere-et-nyt-sprog\\\/#primaryimage\"},\"thumbnailUrl\":\"https:\\\/\\\/egn.com\\\/dk\\\/wp-content\\\/uploads\\\/sites\\\/3\\\/2020\\\/01\\\/JP5.jpg\",\"articleSection\":[\"Insights\"],\"inLanguage\":\"da-DK\"},{\"@type\":\"WebPage\",\"@id\":\"https:\\\/\\\/egn.com\\\/dk\\\/klumme-er-det-tid-at-laere-et-nyt-sprog\\\/\",\"url\":\"https:\\\/\\\/egn.com\\\/dk\\\/klumme-er-det-tid-at-laere-et-nyt-sprog\\\/\",\"name\":\"Klumme: Er det tid at l\u00e6re et nyt sprog? - EGN Danmark\",\"isPartOf\":{\"@id\":\"https:\\\/\\\/egn.com\\\/dk\\\/#website\"},\"primaryImageOfPage\":{\"@id\":\"https:\\\/\\\/egn.com\\\/dk\\\/klumme-er-det-tid-at-laere-et-nyt-sprog\\\/#primaryimage\"},\"image\":{\"@id\":\"https:\\\/\\\/egn.com\\\/dk\\\/klumme-er-det-tid-at-laere-et-nyt-sprog\\\/#primaryimage\"},\"thumbnailUrl\":\"https:\\\/\\\/egn.com\\\/dk\\\/wp-content\\\/uploads\\\/sites\\\/3\\\/2020\\\/01\\\/JP5.jpg\",\"datePublished\":\"2020-01-28T14:22:19+00:00\",\"dateModified\":\"2021-09-16T10:47:31+00:00\",\"description\":\"N\u00e5rr alle taler om digitale muligheder, digital transformation og teknologisk revolution, st\u00e5r man ofte som leder og skal forholde sig til nye territorier.\",\"breadcrumb\":{\"@id\":\"https:\\\/\\\/egn.com\\\/dk\\\/klumme-er-det-tid-at-laere-et-nyt-sprog\\\/#breadcrumb\"},\"inLanguage\":\"da-DK\",\"potentialAction\":[{\"@type\":\"ReadAction\",\"target\":[\"https:\\\/\\\/egn.com\\\/dk\\\/klumme-er-det-tid-at-laere-et-nyt-sprog\\\/\"]}]},{\"@type\":\"ImageObject\",\"inLanguage\":\"da-DK\",\"@id\":\"https:\\\/\\\/egn.com\\\/dk\\\/klumme-er-det-tid-at-laere-et-nyt-sprog\\\/#primaryimage\",\"url\":\"https:\\\/\\\/egn.com\\\/dk\\\/wp-content\\\/uploads\\\/sites\\\/3\\\/2020\\\/01\\\/JP5.jpg\",\"contentUrl\":\"https:\\\/\\\/egn.com\\\/dk\\\/wp-content\\\/uploads\\\/sites\\\/3\\\/2020\\\/01\\\/JP5.jpg\",\"width\":1090,\"height\":545,\"caption\":\"Klumme med Jonatan\"},{\"@type\":\"BreadcrumbList\",\"@id\":\"https:\\\/\\\/egn.com\\\/dk\\\/klumme-er-det-tid-at-laere-et-nyt-sprog\\\/#breadcrumb\",\"itemListElement\":[{\"@type\":\"ListItem\",\"position\":1,\"name\":\"Forside\",\"item\":\"https:\\\/\\\/egn.com\\\/dk\\\/\"},{\"@type\":\"ListItem\",\"position\":2,\"name\":\"Klumme: Er det tid at l\u00e6re et nyt sprog&hellip;\"}]},{\"@type\":\"WebSite\",\"@id\":\"https:\\\/\\\/egn.com\\\/dk\\\/#website\",\"url\":\"https:\\\/\\\/egn.com\\\/dk\\\/\",\"name\":\"EGN Danmark\",\"description\":\"\",\"publisher\":{\"@id\":\"https:\\\/\\\/egn.com\\\/dk\\\/#organization\"},\"potentialAction\":[{\"@type\":\"SearchAction\",\"target\":{\"@type\":\"EntryPoint\",\"urlTemplate\":\"https:\\\/\\\/egn.com\\\/dk\\\/?s={search_term_string}\"},\"query-input\":{\"@type\":\"PropertyValueSpecification\",\"valueRequired\":true,\"valueName\":\"search_term_string\"}}],\"inLanguage\":\"da-DK\"},{\"@type\":\"Organization\",\"@id\":\"https:\\\/\\\/egn.com\\\/dk\\\/#organization\",\"name\":\"EGN Denmark\",\"url\":\"https:\\\/\\\/egn.com\\\/dk\\\/\",\"logo\":{\"@type\":\"ImageObject\",\"inLanguage\":\"da-DK\",\"@id\":\"https:\\\/\\\/egn.com\\\/dk\\\/#\\\/schema\\\/logo\\\/image\\\/\",\"url\":\"https:\\\/\\\/egn.com\\\/dk\\\/wp-content\\\/uploads\\\/sites\\\/3\\\/2026\\\/02\\\/EGN.png\",\"contentUrl\":\"https:\\\/\\\/egn.com\\\/dk\\\/wp-content\\\/uploads\\\/sites\\\/3\\\/2026\\\/02\\\/EGN.png\",\"width\":2185,\"height\":699,\"caption\":\"EGN Denmark\"},\"image\":{\"@id\":\"https:\\\/\\\/egn.com\\\/dk\\\/#\\\/schema\\\/logo\\\/image\\\/\"},\"sameAs\":[\"https:\\\/\\\/www.facebook.com\\\/EGNdanmark\",\"https:\\\/\\\/x.com\\\/EGNdanmark\",\"https:\\\/\\\/www.linkedin.com\\\/company\\\/209484\",\"https:\\\/\\\/da.wikipedia.org\\\/wiki\\\/EGN_Danmark\"],\"description\":\"Vi skaber personlig, faglig og forretningsm\u00e6ssig v\u00e6rdi gennem fortrolige netv\u00e6rk. Siden 1992 har EGN (Executives'\u200b Global Network) tilbudt skr\u00e6ddersyede netv\u00e6rksgrupper for ledere og specialister.\",\"email\":\"info.dk@egn.com\",\"telephone\":\"+45 63 21 40 00\",\"vatID\":\"24208370\"},{\"@type\":\"Person\",\"@id\":\"https:\\\/\\\/egn.com\\\/dk\\\/#\\\/schema\\\/person\\\/9c08f0b773d24648379d33dcae85a3af\",\"name\":\"stinepedersen\",\"image\":{\"@type\":\"ImageObject\",\"inLanguage\":\"da-DK\",\"@id\":\"https:\\\/\\\/secure.gravatar.com\\\/avatar\\\/ddc5a854440b320c756aad510b8e16406e4d425f85f5c712baddd270e3ed3ff3?s=96&d=mm&r=g\",\"url\":\"https:\\\/\\\/secure.gravatar.com\\\/avatar\\\/ddc5a854440b320c756aad510b8e16406e4d425f85f5c712baddd270e3ed3ff3?s=96&d=mm&r=g\",\"contentUrl\":\"https:\\\/\\\/secure.gravatar.com\\\/avatar\\\/ddc5a854440b320c756aad510b8e16406e4d425f85f5c712baddd270e3ed3ff3?s=96&d=mm&r=g\",\"caption\":\"stinepedersen\"}}]}<\/script>","yoast_head_json":{"title":"Klumme: Er det tid at l\u00e6re et nyt sprog? - EGN Danmark","description":"N\u00e5rr alle taler om digitale muligheder, digital transformation og teknologisk revolution, st\u00e5r man ofte som leder og skal forholde sig til nye territorier.","robots":{"index":"index","follow":"follow","max-snippet":"max-snippet:-1","max-image-preview":"max-image-preview:large","max-video-preview":"max-video-preview:-1"},"canonical":"https:\/\/egn.com\/dk\/klumme-er-det-tid-at-laere-et-nyt-sprog\/","og_locale":"da_DK","og_type":"article","og_title":"Klumme: Er det tid at l\u00e6re et nyt sprog?","og_description":"I en tid hvor alle taler om digitale muligheder, digital transformation og teknologisk revolution, st\u00e5r man ofte som leder overfor at skulle forholde sig","og_url":"https:\/\/egn.com\/dk\/klumme-er-det-tid-at-laere-et-nyt-sprog\/","og_site_name":"EGN Danmark","article_publisher":"https:\/\/www.facebook.com\/EGNdanmark","article_published_time":"2020-01-28T14:22:19+00:00","article_modified_time":"2021-09-16T10:47:31+00:00","og_image":[{"width":1090,"height":545,"url":"https:\/\/egn.com\/dk\/wp-content\/uploads\/sites\/3\/2020\/01\/JP5.jpg","type":"image\/jpeg"}],"author":"stinepedersen","twitter_card":"summary_large_image","twitter_creator":"@EGNdanmark","twitter_site":"@EGNdanmark","twitter_misc":{"Skrevet af":"stinepedersen","Estimeret l\u00e6setid":"3 minutter"},"schema":{"@context":"https:\/\/schema.org","@graph":[{"@type":"Article","@id":"https:\/\/egn.com\/dk\/klumme-er-det-tid-at-laere-et-nyt-sprog\/#article","isPartOf":{"@id":"https:\/\/egn.com\/dk\/klumme-er-det-tid-at-laere-et-nyt-sprog\/"},"author":{"name":"stinepedersen","@id":"https:\/\/egn.com\/dk\/#\/schema\/person\/9c08f0b773d24648379d33dcae85a3af"},"headline":"Klumme: Er det tid at l\u00e6re et nyt sprog?","datePublished":"2020-01-28T14:22:19+00:00","dateModified":"2021-09-16T10:47:31+00:00","mainEntityOfPage":{"@id":"https:\/\/egn.com\/dk\/klumme-er-det-tid-at-laere-et-nyt-sprog\/"},"wordCount":714,"publisher":{"@id":"https:\/\/egn.com\/dk\/#organization"},"image":{"@id":"https:\/\/egn.com\/dk\/klumme-er-det-tid-at-laere-et-nyt-sprog\/#primaryimage"},"thumbnailUrl":"https:\/\/egn.com\/dk\/wp-content\/uploads\/sites\/3\/2020\/01\/JP5.jpg","articleSection":["Insights"],"inLanguage":"da-DK"},{"@type":"WebPage","@id":"https:\/\/egn.com\/dk\/klumme-er-det-tid-at-laere-et-nyt-sprog\/","url":"https:\/\/egn.com\/dk\/klumme-er-det-tid-at-laere-et-nyt-sprog\/","name":"Klumme: Er det tid at l\u00e6re et nyt sprog? - EGN Danmark","isPartOf":{"@id":"https:\/\/egn.com\/dk\/#website"},"primaryImageOfPage":{"@id":"https:\/\/egn.com\/dk\/klumme-er-det-tid-at-laere-et-nyt-sprog\/#primaryimage"},"image":{"@id":"https:\/\/egn.com\/dk\/klumme-er-det-tid-at-laere-et-nyt-sprog\/#primaryimage"},"thumbnailUrl":"https:\/\/egn.com\/dk\/wp-content\/uploads\/sites\/3\/2020\/01\/JP5.jpg","datePublished":"2020-01-28T14:22:19+00:00","dateModified":"2021-09-16T10:47:31+00:00","description":"N\u00e5rr alle taler om digitale muligheder, digital transformation og teknologisk revolution, st\u00e5r man ofte som leder og skal forholde sig til nye territorier.","breadcrumb":{"@id":"https:\/\/egn.com\/dk\/klumme-er-det-tid-at-laere-et-nyt-sprog\/#breadcrumb"},"inLanguage":"da-DK","potentialAction":[{"@type":"ReadAction","target":["https:\/\/egn.com\/dk\/klumme-er-det-tid-at-laere-et-nyt-sprog\/"]}]},{"@type":"ImageObject","inLanguage":"da-DK","@id":"https:\/\/egn.com\/dk\/klumme-er-det-tid-at-laere-et-nyt-sprog\/#primaryimage","url":"https:\/\/egn.com\/dk\/wp-content\/uploads\/sites\/3\/2020\/01\/JP5.jpg","contentUrl":"https:\/\/egn.com\/dk\/wp-content\/uploads\/sites\/3\/2020\/01\/JP5.jpg","width":1090,"height":545,"caption":"Klumme med Jonatan"},{"@type":"BreadcrumbList","@id":"https:\/\/egn.com\/dk\/klumme-er-det-tid-at-laere-et-nyt-sprog\/#breadcrumb","itemListElement":[{"@type":"ListItem","position":1,"name":"Forside","item":"https:\/\/egn.com\/dk\/"},{"@type":"ListItem","position":2,"name":"Klumme: Er det tid at l\u00e6re et nyt sprog&hellip;"}]},{"@type":"WebSite","@id":"https:\/\/egn.com\/dk\/#website","url":"https:\/\/egn.com\/dk\/","name":"EGN Danmark","description":"","publisher":{"@id":"https:\/\/egn.com\/dk\/#organization"},"potentialAction":[{"@type":"SearchAction","target":{"@type":"EntryPoint","urlTemplate":"https:\/\/egn.com\/dk\/?s={search_term_string}"},"query-input":{"@type":"PropertyValueSpecification","valueRequired":true,"valueName":"search_term_string"}}],"inLanguage":"da-DK"},{"@type":"Organization","@id":"https:\/\/egn.com\/dk\/#organization","name":"EGN Denmark","url":"https:\/\/egn.com\/dk\/","logo":{"@type":"ImageObject","inLanguage":"da-DK","@id":"https:\/\/egn.com\/dk\/#\/schema\/logo\/image\/","url":"https:\/\/egn.com\/dk\/wp-content\/uploads\/sites\/3\/2026\/02\/EGN.png","contentUrl":"https:\/\/egn.com\/dk\/wp-content\/uploads\/sites\/3\/2026\/02\/EGN.png","width":2185,"height":699,"caption":"EGN Denmark"},"image":{"@id":"https:\/\/egn.com\/dk\/#\/schema\/logo\/image\/"},"sameAs":["https:\/\/www.facebook.com\/EGNdanmark","https:\/\/x.com\/EGNdanmark","https:\/\/www.linkedin.com\/company\/209484","https:\/\/da.wikipedia.org\/wiki\/EGN_Danmark"],"description":"Vi skaber personlig, faglig og forretningsm\u00e6ssig v\u00e6rdi gennem fortrolige netv\u00e6rk. Siden 1992 har EGN (Executives'\u200b Global Network) tilbudt skr\u00e6ddersyede netv\u00e6rksgrupper for ledere og specialister.","email":"info.dk@egn.com","telephone":"+45 63 21 40 00","vatID":"24208370"},{"@type":"Person","@id":"https:\/\/egn.com\/dk\/#\/schema\/person\/9c08f0b773d24648379d33dcae85a3af","name":"stinepedersen","image":{"@type":"ImageObject","inLanguage":"da-DK","@id":"https:\/\/secure.gravatar.com\/avatar\/ddc5a854440b320c756aad510b8e16406e4d425f85f5c712baddd270e3ed3ff3?s=96&d=mm&r=g","url":"https:\/\/secure.gravatar.com\/avatar\/ddc5a854440b320c756aad510b8e16406e4d425f85f5c712baddd270e3ed3ff3?s=96&d=mm&r=g","contentUrl":"https:\/\/secure.gravatar.com\/avatar\/ddc5a854440b320c756aad510b8e16406e4d425f85f5c712baddd270e3ed3ff3?s=96&d=mm&r=g","caption":"stinepedersen"}}]}},"_links":{"self":[{"href":"https:\/\/egn.com\/dk\/wp-json\/wp\/v2\/posts\/2934","targetHints":{"allow":["GET"]}}],"collection":[{"href":"https:\/\/egn.com\/dk\/wp-json\/wp\/v2\/posts"}],"about":[{"href":"https:\/\/egn.com\/dk\/wp-json\/wp\/v2\/types\/post"}],"author":[{"embeddable":true,"href":"https:\/\/egn.com\/dk\/wp-json\/wp\/v2\/users\/15"}],"replies":[{"embeddable":true,"href":"https:\/\/egn.com\/dk\/wp-json\/wp\/v2\/comments?post=2934"}],"version-history":[{"count":0,"href":"https:\/\/egn.com\/dk\/wp-json\/wp\/v2\/posts\/2934\/revisions"}],"wp:featuredmedia":[{"embeddable":true,"href":"https:\/\/egn.com\/dk\/wp-json\/wp\/v2\/media\/2913"}],"wp:attachment":[{"href":"https:\/\/egn.com\/dk\/wp-json\/wp\/v2\/media?parent=2934"}],"wp:term":[{"taxonomy":"category","embeddable":true,"href":"https:\/\/egn.com\/dk\/wp-json\/wp\/v2\/categories?post=2934"},{"taxonomy":"post_tag","embeddable":true,"href":"https:\/\/egn.com\/dk\/wp-json\/wp\/v2\/tags?post=2934"}],"curies":[{"name":"wp","href":"https:\/\/api.w.org\/{rel}","templated":true}]}}