{"id":25688,"date":"2023-08-04T12:33:49","date_gmt":"2023-08-04T10:33:49","guid":{"rendered":"https:\/\/egn.com\/no\/?p=25688"},"modified":"2023-08-04T12:46:09","modified_gmt":"2023-08-04T10:46:09","slug":"feirer-10-arsjubileum-i-egn-norge","status":"publish","type":"post","link":"https:\/\/egn.com\/no\/feirer-10-arsjubileum-i-egn-norge\/","title":{"rendered":"Feirer 10 \u00e5rsjubileum i EGN Norge"},"content":{"rendered":"<blockquote><p>&#8211; Det beste med \u00e5 v\u00e6re medlem I egn er at jeg holder meg oppdatert og kan snakke fritt med andre som har samme utfordringer I jobben.<\/p><\/blockquote>\n<p>Det sier Nina Mathisen, som er purchasing director i Tomra Systems ASA. Hun har v\u00e6rt medlem av <a href=\"https:\/\/egn.com\/no\/nettverk\/\">EGNs kompetansenettverk<\/a> for ledere innen <a href=\"https:\/\/egn.com\/no\/nettverk\/logistikk-og-innkjop\/\">innkj\u00f8p og supply chain<\/a> i hele 10 \u00e5r.<\/p>\n<p>&#8211; S\u00e5 mye har forandret seg gjennom disse \u00e5rene. Jeg har jobbet i samme selskap hele tiden, men jobben min og ansvaret har utviklet seg &#8211; og jeg med den. Det er allti spennende \u00e5 m\u00f8te andre i ignende stillinger og diskutere faglige utfordringer p\u00e5 tvers av selskaper. Det gir meg nytt perspektiv som jeg tar med meg inn i jobbhverdagen n\u00e5r det blir krevende, sier Mathisen.<\/p>\n<p><strong>Medlem i 10 \u00e5r<\/strong><br \/>\nNina Mathisen er det medlemmet som har v\u00e6rt med lengst i kompetansenettverket for ledere innen innkj\u00f8p og supply chain, og ble hedret for sin trofaste innsats p\u00e5 sesongavslutningen for kompetansenettverket. M\u00f8tet ble holdt hos ICE i Nydalen, og hovedtemaet var: Hvorfor og hvordan bygge informasjonssikkerhet, med fokus p\u00e5 Harvard-modulen Digital Intelligence.<\/p>\n<p><strong>Unike relasjoner<\/strong><br \/>\n&#8211; Hva har v\u00e6rt det beste med \u00e5 v\u00e6re med i EGN alle disse \u00e5rene?<\/p>\n<p>&#8211; Uten tvil menneskene, alle de gode diskusjonene og \u00e5 utveksle erfaringer, sier Nina Mathisen.<\/p>\n<p>Hun trekker frem \u00c5penhetsloven, risiko i verdikjede og b\u00e6rekraft som noen av de mest givende temaene som har v\u00e6rt grundig belyst i kompetansenettverket for innkj\u00f8p og supply chain det siste \u00e5ret.<\/p>\n<p>For Nina Mathisen er det like viktig med b\u00e5de bredde og dybde i kompetansenettverket.<\/p>\n<p>&#8211; Jeg vil diskutere med likesinnede, men det er viktig at vi hele tiden fornyer oss, sier Mathisen.<\/p>\n<p>&#8211; Det er inspirerende for meg at det jevnlig kommer nye medlemmer inn i gruppen, samtidig som det er en hard kjerne som har v\u00e6rt medlemmer i mange \u00e5r. Det er slik jeg holder meg oppdatert, b\u00e5de personlig og profesjonelt. sier Nina Mathisen.<\/p>\n<p><strong>Deler raust<\/strong><br \/>\n&#8211; Nina Mathisen er kroneksempelet p\u00e5 en leder som gir mye tilbake til de andre i gruppen, som b\u00e5de utfordrer, men ogs\u00e5 deler raust og er \u00e5pen for \u00e5 dele sine erfaringer med nye medlemmer, sier Inger Adele Myklebust, som er nettverksleder for innkj\u00f8p og supply chain i EGN, hvor det det ogs\u00e5 er medlemmer fra blant annet Ekornes, Lyse, Avinor og Bama.<\/p>\n<p><strong>P\u00e5 bildet (fra venstre):<\/strong>\u00a0Nettverksleder Inger Adele Myklebust, Nina Mathisen, purchasing director i Tomra Systems ASA og Ine Thereze Grans\u00e6ter, CEO i EGN Norge.<\/p>\n","protected":false},"excerpt":{"rendered":"<p>&#8211; Det beste med \u00e5 v\u00e6re medlem I egn er at jeg holder meg oppdatert og kan snakke fritt med andre som har samme utfordringer I jobben. Det sier Nina Mathisen, som er purchasing director i Tomra Systems ASA. Hun har v\u00e6rt medlem av EGNs kompetansenettverk for ledere innen innkj\u00f8p og supply chain i hele&hellip;<\/p>\n","protected":false},"author":41,"featured_media":25689,"comment_status":"closed","ping_status":"closed","sticky":false,"template":"","format":"standard","meta":{"_acf_changed":false,"footnotes":""},"categories":[3],"tags":[],"class_list":["post-25688","post","type-post","status-publish","format-standard","has-post-thumbnail","hentry","category-insights"],"acf":[],"yoast_head":"<title>Feirer 10 \u00e5rsjubileum i EGN Norge - EGN Norge<\/title>\n<meta name=\"robots\" content=\"index, follow, max-snippet:-1, max-image-preview:large, max-video-preview:-1\" \/>\n<link rel=\"canonical\" href=\"https:\/\/egn.com\/no\/feirer-10-arsjubileum-i-egn-norge\/\" \/>\n<meta property=\"og:locale\" content=\"nn_NO\" \/>\n<meta property=\"og:type\" content=\"article\" \/>\n<meta property=\"og:title\" content=\"Feirer 10 \u00e5rsjubileum i EGN Norge\" \/>\n<meta property=\"og:description\" content=\"- Det beste med \u00e5 v\u00e6re medlem I egn er at jeg holder meg oppdatert og kan snakke fritt med andre som har samme utfordringer I jobben. Det sier Nina\" \/>\n<meta property=\"og:url\" content=\"https:\/\/egn.com\/no\/feirer-10-arsjubileum-i-egn-norge\/\" \/>\n<meta property=\"og:site_name\" content=\"EGN Norge\" \/>\n<meta property=\"article:publisher\" content=\"https:\/\/www.facebook.com\/EGNNorge\/\" \/>\n<meta property=\"article:published_time\" content=\"2023-08-04T10:33:49+00:00\" \/>\n<meta property=\"article:modified_time\" content=\"2023-08-04T10:46:09+00:00\" \/>\n<meta property=\"og:image\" content=\"http:\/\/egn.com\/no\/wp-content\/uploads\/sites\/14\/2023\/08\/tomra2_0.jpg\" \/>\n\t<meta property=\"og:image:width\" content=\"1140\" \/>\n\t<meta property=\"og:image:height\" content=\"480\" \/>\n\t<meta property=\"og:image:type\" content=\"image\/jpeg\" \/>\n<meta name=\"author\" content=\"alexanderkofod\" \/>\n<meta name=\"twitter:card\" content=\"summary_large_image\" \/>\n<meta name=\"twitter:creator\" content=\"@EGNNorge\" \/>\n<meta name=\"twitter:site\" content=\"@EGNNorge\" \/>\n<meta name=\"twitter:label1\" content=\"Written by\" \/>\n\t<meta name=\"twitter:data1\" content=\"alexanderkofod\" \/>\n\t<meta name=\"twitter:label2\" content=\"Est. reading time\" \/>\n\t<meta name=\"twitter:data2\" content=\"3 minutt\" \/>\n<script type=\"application\/ld+json\" class=\"yoast-schema-graph\">{\"@context\":\"https:\\\/\\\/schema.org\",\"@graph\":[{\"@type\":\"Article\",\"@id\":\"https:\\\/\\\/egn.com\\\/no\\\/feirer-10-arsjubileum-i-egn-norge\\\/#article\",\"isPartOf\":{\"@id\":\"https:\\\/\\\/egn.com\\\/no\\\/feirer-10-arsjubileum-i-egn-norge\\\/\"},\"author\":{\"name\":\"alexanderkofod\",\"@id\":\"https:\\\/\\\/egn.com\\\/no\\\/#\\\/schema\\\/person\\\/e5db431bd5df69d7beb776d1cee91d51\"},\"headline\":\"Feirer 10 \u00e5rsjubileum i EGN Norge\",\"datePublished\":\"2023-08-04T10:33:49+00:00\",\"dateModified\":\"2023-08-04T10:46:09+00:00\",\"mainEntityOfPage\":{\"@id\":\"https:\\\/\\\/egn.com\\\/no\\\/feirer-10-arsjubileum-i-egn-norge\\\/\"},\"wordCount\":423,\"publisher\":{\"@id\":\"https:\\\/\\\/egn.com\\\/no\\\/#organization\"},\"image\":{\"@id\":\"https:\\\/\\\/egn.com\\\/no\\\/feirer-10-arsjubileum-i-egn-norge\\\/#primaryimage\"},\"thumbnailUrl\":\"https:\\\/\\\/egn.com\\\/no\\\/wp-content\\\/uploads\\\/sites\\\/14\\\/2023\\\/08\\\/tomra2_0.jpg\",\"articleSection\":[\"Insights\"],\"inLanguage\":\"nn-NO\"},{\"@type\":\"WebPage\",\"@id\":\"https:\\\/\\\/egn.com\\\/no\\\/feirer-10-arsjubileum-i-egn-norge\\\/\",\"url\":\"https:\\\/\\\/egn.com\\\/no\\\/feirer-10-arsjubileum-i-egn-norge\\\/\",\"name\":\"Feirer 10 \u00e5rsjubileum i EGN Norge - EGN Norge\",\"isPartOf\":{\"@id\":\"https:\\\/\\\/egn.com\\\/no\\\/#website\"},\"primaryImageOfPage\":{\"@id\":\"https:\\\/\\\/egn.com\\\/no\\\/feirer-10-arsjubileum-i-egn-norge\\\/#primaryimage\"},\"image\":{\"@id\":\"https:\\\/\\\/egn.com\\\/no\\\/feirer-10-arsjubileum-i-egn-norge\\\/#primaryimage\"},\"thumbnailUrl\":\"https:\\\/\\\/egn.com\\\/no\\\/wp-content\\\/uploads\\\/sites\\\/14\\\/2023\\\/08\\\/tomra2_0.jpg\",\"datePublished\":\"2023-08-04T10:33:49+00:00\",\"dateModified\":\"2023-08-04T10:46:09+00:00\",\"breadcrumb\":{\"@id\":\"https:\\\/\\\/egn.com\\\/no\\\/feirer-10-arsjubileum-i-egn-norge\\\/#breadcrumb\"},\"inLanguage\":\"nn-NO\",\"potentialAction\":[{\"@type\":\"ReadAction\",\"target\":[\"https:\\\/\\\/egn.com\\\/no\\\/feirer-10-arsjubileum-i-egn-norge\\\/\"]}]},{\"@type\":\"ImageObject\",\"inLanguage\":\"nn-NO\",\"@id\":\"https:\\\/\\\/egn.com\\\/no\\\/feirer-10-arsjubileum-i-egn-norge\\\/#primaryimage\",\"url\":\"https:\\\/\\\/egn.com\\\/no\\\/wp-content\\\/uploads\\\/sites\\\/14\\\/2023\\\/08\\\/tomra2_0.jpg\",\"contentUrl\":\"https:\\\/\\\/egn.com\\\/no\\\/wp-content\\\/uploads\\\/sites\\\/14\\\/2023\\\/08\\\/tomra2_0.jpg\",\"width\":1140,\"height\":480},{\"@type\":\"BreadcrumbList\",\"@id\":\"https:\\\/\\\/egn.com\\\/no\\\/feirer-10-arsjubileum-i-egn-norge\\\/#breadcrumb\",\"itemListElement\":[{\"@type\":\"ListItem\",\"position\":1,\"name\":\"Home\",\"item\":\"https:\\\/\\\/egn.com\\\/no\\\/\"},{\"@type\":\"ListItem\",\"position\":2,\"name\":\"Feirer 10 \u00e5rsjubileum i EGN Norge\"}]},{\"@type\":\"WebSite\",\"@id\":\"https:\\\/\\\/egn.com\\\/no\\\/#website\",\"url\":\"https:\\\/\\\/egn.com\\\/no\\\/\",\"name\":\"EGN Norge\",\"description\":\"\",\"publisher\":{\"@id\":\"https:\\\/\\\/egn.com\\\/no\\\/#organization\"},\"potentialAction\":[{\"@type\":\"SearchAction\",\"target\":{\"@type\":\"EntryPoint\",\"urlTemplate\":\"https:\\\/\\\/egn.com\\\/no\\\/?s={search_term_string}\"},\"query-input\":{\"@type\":\"PropertyValueSpecification\",\"valueRequired\":true,\"valueName\":\"search_term_string\"}}],\"inLanguage\":\"nn-NO\"},{\"@type\":\"Organization\",\"@id\":\"https:\\\/\\\/egn.com\\\/no\\\/#organization\",\"name\":\"Executives'\u200b Global Network\",\"alternateName\":\"EGN\",\"url\":\"https:\\\/\\\/egn.com\\\/no\\\/\",\"logo\":{\"@type\":\"ImageObject\",\"inLanguage\":\"nn-NO\",\"@id\":\"https:\\\/\\\/egn.com\\\/no\\\/#\\\/schema\\\/logo\\\/image\\\/\",\"url\":\"https:\\\/\\\/egn.com\\\/no\\\/wp-content\\\/uploads\\\/sites\\\/14\\\/2020\\\/03\\\/EGN-new.png\",\"contentUrl\":\"https:\\\/\\\/egn.com\\\/no\\\/wp-content\\\/uploads\\\/sites\\\/14\\\/2020\\\/03\\\/EGN-new.png\",\"width\":500,\"height\":238,\"caption\":\"Executives'\u200b Global Network\"},\"image\":{\"@id\":\"https:\\\/\\\/egn.com\\\/no\\\/#\\\/schema\\\/logo\\\/image\\\/\"},\"sameAs\":[\"https:\\\/\\\/www.facebook.com\\\/EGNNorge\\\/\",\"https:\\\/\\\/x.com\\\/EGNNorge\",\"https:\\\/\\\/www.linkedin.com\\\/company\\\/egn-norge\\\/\"]},{\"@type\":\"Person\",\"@id\":\"https:\\\/\\\/egn.com\\\/no\\\/#\\\/schema\\\/person\\\/e5db431bd5df69d7beb776d1cee91d51\",\"name\":\"alexanderkofod\",\"image\":{\"@type\":\"ImageObject\",\"inLanguage\":\"nn-NO\",\"@id\":\"https:\\\/\\\/secure.gravatar.com\\\/avatar\\\/0a5d6d6ef0512ad03754d28e161c5a902e79e3f16b1c5b09121a8491f82e12c4?s=96&d=mm&r=g\",\"url\":\"https:\\\/\\\/secure.gravatar.com\\\/avatar\\\/0a5d6d6ef0512ad03754d28e161c5a902e79e3f16b1c5b09121a8491f82e12c4?s=96&d=mm&r=g\",\"contentUrl\":\"https:\\\/\\\/secure.gravatar.com\\\/avatar\\\/0a5d6d6ef0512ad03754d28e161c5a902e79e3f16b1c5b09121a8491f82e12c4?s=96&d=mm&r=g\",\"caption\":\"alexanderkofod\"}}]}<\/script>","yoast_head_json":{"title":"Feirer 10 \u00e5rsjubileum i EGN Norge - EGN Norge","robots":{"index":"index","follow":"follow","max-snippet":"max-snippet:-1","max-image-preview":"max-image-preview:large","max-video-preview":"max-video-preview:-1"},"canonical":"https:\/\/egn.com\/no\/feirer-10-arsjubileum-i-egn-norge\/","og_locale":"nn_NO","og_type":"article","og_title":"Feirer 10 \u00e5rsjubileum i EGN Norge","og_description":"- Det beste med \u00e5 v\u00e6re medlem I egn er at jeg holder meg oppdatert og kan snakke fritt med andre som har samme utfordringer I jobben. Det sier Nina","og_url":"https:\/\/egn.com\/no\/feirer-10-arsjubileum-i-egn-norge\/","og_site_name":"EGN Norge","article_publisher":"https:\/\/www.facebook.com\/EGNNorge\/","article_published_time":"2023-08-04T10:33:49+00:00","article_modified_time":"2023-08-04T10:46:09+00:00","og_image":[{"width":1140,"height":480,"url":"http:\/\/egn.com\/no\/wp-content\/uploads\/sites\/14\/2023\/08\/tomra2_0.jpg","type":"image\/jpeg"}],"author":"alexanderkofod","twitter_card":"summary_large_image","twitter_creator":"@EGNNorge","twitter_site":"@EGNNorge","twitter_misc":{"Written by":"alexanderkofod","Est. reading time":"3 minutt"},"schema":{"@context":"https:\/\/schema.org","@graph":[{"@type":"Article","@id":"https:\/\/egn.com\/no\/feirer-10-arsjubileum-i-egn-norge\/#article","isPartOf":{"@id":"https:\/\/egn.com\/no\/feirer-10-arsjubileum-i-egn-norge\/"},"author":{"name":"alexanderkofod","@id":"https:\/\/egn.com\/no\/#\/schema\/person\/e5db431bd5df69d7beb776d1cee91d51"},"headline":"Feirer 10 \u00e5rsjubileum i EGN Norge","datePublished":"2023-08-04T10:33:49+00:00","dateModified":"2023-08-04T10:46:09+00:00","mainEntityOfPage":{"@id":"https:\/\/egn.com\/no\/feirer-10-arsjubileum-i-egn-norge\/"},"wordCount":423,"publisher":{"@id":"https:\/\/egn.com\/no\/#organization"},"image":{"@id":"https:\/\/egn.com\/no\/feirer-10-arsjubileum-i-egn-norge\/#primaryimage"},"thumbnailUrl":"https:\/\/egn.com\/no\/wp-content\/uploads\/sites\/14\/2023\/08\/tomra2_0.jpg","articleSection":["Insights"],"inLanguage":"nn-NO"},{"@type":"WebPage","@id":"https:\/\/egn.com\/no\/feirer-10-arsjubileum-i-egn-norge\/","url":"https:\/\/egn.com\/no\/feirer-10-arsjubileum-i-egn-norge\/","name":"Feirer 10 \u00e5rsjubileum i EGN Norge - EGN Norge","isPartOf":{"@id":"https:\/\/egn.com\/no\/#website"},"primaryImageOfPage":{"@id":"https:\/\/egn.com\/no\/feirer-10-arsjubileum-i-egn-norge\/#primaryimage"},"image":{"@id":"https:\/\/egn.com\/no\/feirer-10-arsjubileum-i-egn-norge\/#primaryimage"},"thumbnailUrl":"https:\/\/egn.com\/no\/wp-content\/uploads\/sites\/14\/2023\/08\/tomra2_0.jpg","datePublished":"2023-08-04T10:33:49+00:00","dateModified":"2023-08-04T10:46:09+00:00","breadcrumb":{"@id":"https:\/\/egn.com\/no\/feirer-10-arsjubileum-i-egn-norge\/#breadcrumb"},"inLanguage":"nn-NO","potentialAction":[{"@type":"ReadAction","target":["https:\/\/egn.com\/no\/feirer-10-arsjubileum-i-egn-norge\/"]}]},{"@type":"ImageObject","inLanguage":"nn-NO","@id":"https:\/\/egn.com\/no\/feirer-10-arsjubileum-i-egn-norge\/#primaryimage","url":"https:\/\/egn.com\/no\/wp-content\/uploads\/sites\/14\/2023\/08\/tomra2_0.jpg","contentUrl":"https:\/\/egn.com\/no\/wp-content\/uploads\/sites\/14\/2023\/08\/tomra2_0.jpg","width":1140,"height":480},{"@type":"BreadcrumbList","@id":"https:\/\/egn.com\/no\/feirer-10-arsjubileum-i-egn-norge\/#breadcrumb","itemListElement":[{"@type":"ListItem","position":1,"name":"Home","item":"https:\/\/egn.com\/no\/"},{"@type":"ListItem","position":2,"name":"Feirer 10 \u00e5rsjubileum i EGN Norge"}]},{"@type":"WebSite","@id":"https:\/\/egn.com\/no\/#website","url":"https:\/\/egn.com\/no\/","name":"EGN Norge","description":"","publisher":{"@id":"https:\/\/egn.com\/no\/#organization"},"potentialAction":[{"@type":"SearchAction","target":{"@type":"EntryPoint","urlTemplate":"https:\/\/egn.com\/no\/?s={search_term_string}"},"query-input":{"@type":"PropertyValueSpecification","valueRequired":true,"valueName":"search_term_string"}}],"inLanguage":"nn-NO"},{"@type":"Organization","@id":"https:\/\/egn.com\/no\/#organization","name":"Executives'\u200b Global Network","alternateName":"EGN","url":"https:\/\/egn.com\/no\/","logo":{"@type":"ImageObject","inLanguage":"nn-NO","@id":"https:\/\/egn.com\/no\/#\/schema\/logo\/image\/","url":"https:\/\/egn.com\/no\/wp-content\/uploads\/sites\/14\/2020\/03\/EGN-new.png","contentUrl":"https:\/\/egn.com\/no\/wp-content\/uploads\/sites\/14\/2020\/03\/EGN-new.png","width":500,"height":238,"caption":"Executives'\u200b Global Network"},"image":{"@id":"https:\/\/egn.com\/no\/#\/schema\/logo\/image\/"},"sameAs":["https:\/\/www.facebook.com\/EGNNorge\/","https:\/\/x.com\/EGNNorge","https:\/\/www.linkedin.com\/company\/egn-norge\/"]},{"@type":"Person","@id":"https:\/\/egn.com\/no\/#\/schema\/person\/e5db431bd5df69d7beb776d1cee91d51","name":"alexanderkofod","image":{"@type":"ImageObject","inLanguage":"nn-NO","@id":"https:\/\/secure.gravatar.com\/avatar\/0a5d6d6ef0512ad03754d28e161c5a902e79e3f16b1c5b09121a8491f82e12c4?s=96&d=mm&r=g","url":"https:\/\/secure.gravatar.com\/avatar\/0a5d6d6ef0512ad03754d28e161c5a902e79e3f16b1c5b09121a8491f82e12c4?s=96&d=mm&r=g","contentUrl":"https:\/\/secure.gravatar.com\/avatar\/0a5d6d6ef0512ad03754d28e161c5a902e79e3f16b1c5b09121a8491f82e12c4?s=96&d=mm&r=g","caption":"alexanderkofod"}}]}},"_links":{"self":[{"href":"https:\/\/egn.com\/no\/wp-json\/wp\/v2\/posts\/25688","targetHints":{"allow":["GET"]}}],"collection":[{"href":"https:\/\/egn.com\/no\/wp-json\/wp\/v2\/posts"}],"about":[{"href":"https:\/\/egn.com\/no\/wp-json\/wp\/v2\/types\/post"}],"author":[{"embeddable":true,"href":"https:\/\/egn.com\/no\/wp-json\/wp\/v2\/users\/41"}],"replies":[{"embeddable":true,"href":"https:\/\/egn.com\/no\/wp-json\/wp\/v2\/comments?post=25688"}],"version-history":[{"count":2,"href":"https:\/\/egn.com\/no\/wp-json\/wp\/v2\/posts\/25688\/revisions"}],"predecessor-version":[{"id":25693,"href":"https:\/\/egn.com\/no\/wp-json\/wp\/v2\/posts\/25688\/revisions\/25693"}],"wp:featuredmedia":[{"embeddable":true,"href":"https:\/\/egn.com\/no\/wp-json\/wp\/v2\/media\/25689"}],"wp:attachment":[{"href":"https:\/\/egn.com\/no\/wp-json\/wp\/v2\/media?parent=25688"}],"wp:term":[{"taxonomy":"category","embeddable":true,"href":"https:\/\/egn.com\/no\/wp-json\/wp\/v2\/categories?post=25688"},{"taxonomy":"post_tag","embeddable":true,"href":"https:\/\/egn.com\/no\/wp-json\/wp\/v2\/tags?post=25688"}],"curies":[{"name":"wp","href":"https:\/\/api.w.org\/{rel}","templated":true}]}}