{"id":1155,"date":"2017-03-20T15:28:29","date_gmt":"2017-03-20T13:28:29","guid":{"rendered":"https:\/\/egn.com\/se\/?p=1155"},"modified":"2020-10-09T12:59:34","modified_gmt":"2020-10-09T10:59:34","slug":"jan-liljero-en-standig-upptacktsresa","status":"publish","type":"post","link":"https:\/\/egn.com\/se\/jan-liljero-en-standig-upptacktsresa\/","title":{"rendered":"Jan Liljero &#8211; En st\u00e4ndig uppt\u00e4cktsresa"},"content":{"rendered":"<h1 class=\"main-title\">Nyfikenhet och lyh\u00f6rdhet \u00e4r avg\u00f6rande egenskaper f\u00f6r ledare som vill bli framg\u00e5ngsrika.<\/h1>\n<p>Forskningen \u00e4r tydlig. Ledare som tr\u00e4nat upp sin f\u00f6rm\u00e5ga att lyssna f\u00e5r b\u00e4ttre genomslagskraft \u00e4n de som hellre h\u00f6r sin egen r\u00f6st \u00e4n andras. Det sp\u00e4nnande \u00e4r att den lyssnande ledarens inre process ofta inte stannar vid att sortera de olika alternativen &#8211; den tycks ofta starta ett tankefl\u00f6de som str\u00e4cker sig mot det \u00e4nnu ouppt\u00e4ckta. Vad triggar ig\u00e5ng denna innovativa process?<\/p>\n<p>Svaret \u00e4r enkelt. N\u00e4r du ger utrymme att lyssna in och reflektera, f\u00e5r du enklare ig\u00e5ng flera av dina sinnen. H\u00e4lsosamma innovativa tankeprocesser triggas ig\u00e5ng av b\u00e5de hj\u00e4rna, hj\u00e4rta och mage.<\/p>\n<p>Ledare som vill utveckla sin innovativa kraft tr\u00e4nar m\u00e5lmedvetet f\u00f6r att f\u00f6rst\u00e5 samverkan mellan fakta, k\u00e4nsla och intuition.<\/p>\n<blockquote><p>Den professionellt nyfikne triggas av att l\u00e4ra mer av andra och \u00f6ppnar g\u00e4rna upp samtalet med intresserade fr\u00e5gor<\/p><\/blockquote>\n<p><strong>Dimensionerna av\u00a0nyfikenhet<\/strong><br \/>\nDet \u00e4r skillnad p\u00e5 att vara allm\u00e4nt nyfiken, professionellt nyfiken och genuint nyfiken. Skillnaderna mellan de tre dimensionerna \u00e4r milsvida. Den allm\u00e4nt nyfikne h\u00e5ller oftast en viss distans.<\/p>\n<p>Det tycks som att den egna positionen eller tryggheten h\u00e5ller tillbaka de f\u00f6rdjupande fr\u00e5gorna. Den professionellt nyfikne triggas av att l\u00e4ra mer av andra och \u00f6ppnar g\u00e4rna upp samtalet med intresserade fr\u00e5gor.<\/p>\n<p>Den v\u00e4ltr\u00e4nade ledaren \u00e4r medveten om sitt eget beteende att inte vara f\u00f6r snabb i slutsatser eller att ta \u00f6ver och samtalet med egna erfarenheter och tankar \u2013 utan l\u00e5ter nyfikenhet, lyssnande och f\u00f6rst\u00e5else f\u00e5 stort utrymme. Den professionella ledaren har ocks\u00e5 en utvecklad f\u00f6rm\u00e5ga att kunna ta samtalet till en kreativ niv\u00e5 genom ett coachande inslag.<\/p>\n<p><strong>Lyh\u00f6rdhet och nyfikenhet \u00e4r nyckelord\u00a0<\/strong><br \/>\nDen genuint nyfikna ledaren utstr\u00e5lar en v\u00e4rdegrund av \u00e4kta intresse f\u00f6r andras tankar, framg\u00e5ngar och utmaningar. Det osj\u00e4lviska ledarskapet bottnar i en grundsyn att det \u00e4r viktigare att st\u00f6dja andra att lyckas \u00e4n att sj\u00e4lv n\u00e5 framg\u00e5ng &#8211; och att v\u00e4rderingar som generositet, gl\u00e4dje och energi skapar ett samtalsrum av tillit.<\/p>\n<blockquote><p>Den verkliga kraften till innovation f\u00f6ds inifr\u00e5n. Lyh\u00f6rdhet och nyfikenhet \u00e4r nyckelord<\/p><\/blockquote>\n<p>I det rummet ber\u00e4ttar vi med stolthet utifr\u00e5n v\u00e5rt perspektiv, d\u00e4r v\u00e5gar vi t\u00e4nka h\u00f6gt, utan f\u00f6rpliktelser \u2013 och d\u00e4r kan tanken frig\u00f6ras in till platsen av kreativitet och innovation.<\/p>\n<p>Den verkliga kraften till innovation f\u00f6ds inifr\u00e5n. Lyh\u00f6rdhet och nyfikenhet \u00e4r nyckelord. Uppt\u00e4ck mer av dessa p\u00e5 din resa av sj\u00e4lvledarskap. G\u00f6r det medvetet &#8211; och tr\u00e4na.<\/p>\n<p>Jag gillar citatet fr\u00e5n den framg\u00e5ngsrike f\u00f6re detta elithockeyspelaren Wayne Gretzky, som m\u00e5lmedvetet utvecklat sina f\u00e4rdigheter och intuitiva f\u00f6rm\u00e5ga: \u201dJag tar mig dit pucken \u00e4r p\u00e5 v\u00e4g &#8211; inte dit d\u00e4r den har varit.\u201d<\/p>\n","protected":false},"excerpt":{"rendered":"<p>Det tycks som att den egna positionen eller tryggheten h\u00e5ller tillbaka de f\u00f6rdjupande fr\u00e5gorna. Den professionellt nyfikne triggas av att l\u00e4ra mer av andra och \u00f6ppnar g\u00e4rna upp samtalet med intresserade fr\u00e5gor.<\/p>\n","protected":false},"author":36,"featured_media":1156,"comment_status":"closed","ping_status":"open","sticky":false,"template":"","format":"standard","meta":{"_acf_changed":false,"footnotes":""},"categories":[11],"tags":[],"class_list":["post-1155","post","type-post","status-publish","format-standard","has-post-thumbnail","hentry","category-insights"],"acf":[],"yoast_head":"<title>Jan Liljero - En st\u00e4ndig uppt\u00e4cktsresa | EGN Sverige<\/title>\n<meta name=\"description\" content=\"EGN Sverige skriver artiklar och kr\u00f6nikor f\u00f6r att l\u00e5ta dig inspireras till att v\u00e4xa som chef och ledare. Tillsammans g\u00f6r vi varandra b\u00e4ttre genom generositet, gl\u00e4dje, energi och tillit.\" \/>\n<meta name=\"robots\" content=\"index, follow, max-snippet:-1, max-image-preview:large, max-video-preview:-1\" \/>\n<link rel=\"canonical\" href=\"https:\/\/egn.com\/se\/jan-liljero-en-standig-upptacktsresa\/\" \/>\n<meta property=\"og:locale\" content=\"sv_SE\" \/>\n<meta property=\"og:type\" content=\"article\" \/>\n<meta property=\"og:title\" content=\"Jan Liljero - En st\u00e4ndig uppt\u00e4cktsresa\" \/>\n<meta property=\"og:description\" content=\"Det tycks som att den egna positionen eller tryggheten h\u00e5ller tillbaka de f\u00f6rdjupande fr\u00e5gorna. Den professionellt nyfikne triggas av att l\u00e4ra mer av andra och \u00f6ppnar g\u00e4rna upp samtalet med intresserade fr\u00e5gor.\" \/>\n<meta property=\"og:url\" content=\"https:\/\/egn.com\/se\/jan-liljero-en-standig-upptacktsresa\/\" \/>\n<meta property=\"og:site_name\" content=\"EGN Sverige\" \/>\n<meta property=\"article:publisher\" content=\"https:\/\/www.facebook.com\/egnsverige\/\" \/>\n<meta property=\"article:published_time\" content=\"2017-03-20T13:28:29+00:00\" \/>\n<meta property=\"article:modified_time\" content=\"2020-10-09T10:59:34+00:00\" \/>\n<meta property=\"og:image\" content=\"https:\/\/egn.com\/se\/wp-content\/uploads\/sites\/6\/2020\/08\/En-standig-upptacktsresa.jpg\" \/>\n\t<meta property=\"og:image:width\" content=\"1140\" \/>\n\t<meta property=\"og:image:height\" content=\"480\" \/>\n\t<meta property=\"og:image:type\" content=\"image\/jpeg\" \/>\n<meta name=\"author\" content=\"teddywestlund\" \/>\n<meta name=\"twitter:card\" content=\"summary_large_image\" \/>\n<meta name=\"twitter:label1\" content=\"Skriven av\" \/>\n\t<meta name=\"twitter:data1\" content=\"teddywestlund\" \/>\n\t<meta name=\"twitter:label2\" content=\"Ber\u00e4knad l\u00e4stid\" \/>\n\t<meta name=\"twitter:data2\" content=\"3 minuter\" \/>\n<script type=\"application\/ld+json\" class=\"yoast-schema-graph\">{\"@context\":\"https:\\\/\\\/schema.org\",\"@graph\":[{\"@type\":\"Article\",\"@id\":\"https:\\\/\\\/egn.com\\\/se\\\/jan-liljero-en-standig-upptacktsresa\\\/#article\",\"isPartOf\":{\"@id\":\"https:\\\/\\\/egn.com\\\/se\\\/jan-liljero-en-standig-upptacktsresa\\\/\"},\"author\":{\"name\":\"teddywestlund\",\"@id\":\"https:\\\/\\\/egn.com\\\/se\\\/#\\\/schema\\\/person\\\/3da3209858548246e07549b3214acdf3\"},\"headline\":\"Jan Liljero &#8211; En st\u00e4ndig uppt\u00e4cktsresa\",\"datePublished\":\"2017-03-20T13:28:29+00:00\",\"dateModified\":\"2020-10-09T10:59:34+00:00\",\"mainEntityOfPage\":{\"@id\":\"https:\\\/\\\/egn.com\\\/se\\\/jan-liljero-en-standig-upptacktsresa\\\/\"},\"wordCount\":515,\"publisher\":{\"@id\":\"https:\\\/\\\/egn.com\\\/se\\\/#organization\"},\"image\":{\"@id\":\"https:\\\/\\\/egn.com\\\/se\\\/jan-liljero-en-standig-upptacktsresa\\\/#primaryimage\"},\"thumbnailUrl\":\"https:\\\/\\\/egn.com\\\/se\\\/wp-content\\\/uploads\\\/sites\\\/6\\\/2020\\\/08\\\/En-standig-upptacktsresa.jpg\",\"articleSection\":[\"Insights\"],\"inLanguage\":\"sv-SE\"},{\"@type\":\"WebPage\",\"@id\":\"https:\\\/\\\/egn.com\\\/se\\\/jan-liljero-en-standig-upptacktsresa\\\/\",\"url\":\"https:\\\/\\\/egn.com\\\/se\\\/jan-liljero-en-standig-upptacktsresa\\\/\",\"name\":\"Jan Liljero - En st\u00e4ndig uppt\u00e4cktsresa | EGN Sverige\",\"isPartOf\":{\"@id\":\"https:\\\/\\\/egn.com\\\/se\\\/#website\"},\"primaryImageOfPage\":{\"@id\":\"https:\\\/\\\/egn.com\\\/se\\\/jan-liljero-en-standig-upptacktsresa\\\/#primaryimage\"},\"image\":{\"@id\":\"https:\\\/\\\/egn.com\\\/se\\\/jan-liljero-en-standig-upptacktsresa\\\/#primaryimage\"},\"thumbnailUrl\":\"https:\\\/\\\/egn.com\\\/se\\\/wp-content\\\/uploads\\\/sites\\\/6\\\/2020\\\/08\\\/En-standig-upptacktsresa.jpg\",\"datePublished\":\"2017-03-20T13:28:29+00:00\",\"dateModified\":\"2020-10-09T10:59:34+00:00\",\"description\":\"EGN Sverige skriver artiklar och kr\u00f6nikor f\u00f6r att l\u00e5ta dig inspireras till att v\u00e4xa som chef och ledare. Tillsammans g\u00f6r vi varandra b\u00e4ttre genom generositet, gl\u00e4dje, energi och tillit.\",\"breadcrumb\":{\"@id\":\"https:\\\/\\\/egn.com\\\/se\\\/jan-liljero-en-standig-upptacktsresa\\\/#breadcrumb\"},\"inLanguage\":\"sv-SE\",\"potentialAction\":[{\"@type\":\"ReadAction\",\"target\":[\"https:\\\/\\\/egn.com\\\/se\\\/jan-liljero-en-standig-upptacktsresa\\\/\"]}]},{\"@type\":\"ImageObject\",\"inLanguage\":\"sv-SE\",\"@id\":\"https:\\\/\\\/egn.com\\\/se\\\/jan-liljero-en-standig-upptacktsresa\\\/#primaryimage\",\"url\":\"https:\\\/\\\/egn.com\\\/se\\\/wp-content\\\/uploads\\\/sites\\\/6\\\/2020\\\/08\\\/En-standig-upptacktsresa.jpg\",\"contentUrl\":\"https:\\\/\\\/egn.com\\\/se\\\/wp-content\\\/uploads\\\/sites\\\/6\\\/2020\\\/08\\\/En-standig-upptacktsresa.jpg\",\"width\":1140,\"height\":480},{\"@type\":\"BreadcrumbList\",\"@id\":\"https:\\\/\\\/egn.com\\\/se\\\/jan-liljero-en-standig-upptacktsresa\\\/#breadcrumb\",\"itemListElement\":[{\"@type\":\"ListItem\",\"position\":1,\"name\":\"Hem\",\"item\":\"https:\\\/\\\/egn.com\\\/se\\\/\"},{\"@type\":\"ListItem\",\"position\":2,\"name\":\"Jan Liljero &#8211; En st\u00e4ndig uppt\u00e4ck&hellip;\"}]},{\"@type\":\"WebSite\",\"@id\":\"https:\\\/\\\/egn.com\\\/se\\\/#website\",\"url\":\"https:\\\/\\\/egn.com\\\/se\\\/\",\"name\":\"EGN Sverige\",\"description\":\"Professionella n\u00e4tverk f\u00f6r ledare och specialister\",\"publisher\":{\"@id\":\"https:\\\/\\\/egn.com\\\/se\\\/#organization\"},\"potentialAction\":[{\"@type\":\"SearchAction\",\"target\":{\"@type\":\"EntryPoint\",\"urlTemplate\":\"https:\\\/\\\/egn.com\\\/se\\\/?s={search_term_string}\"},\"query-input\":{\"@type\":\"PropertyValueSpecification\",\"valueRequired\":true,\"valueName\":\"search_term_string\"}}],\"inLanguage\":\"sv-SE\"},{\"@type\":\"Organization\",\"@id\":\"https:\\\/\\\/egn.com\\\/se\\\/#organization\",\"name\":\"EGN Sverige\",\"alternateName\":\"EGN\",\"url\":\"https:\\\/\\\/egn.com\\\/se\\\/\",\"logo\":{\"@type\":\"ImageObject\",\"inLanguage\":\"sv-SE\",\"@id\":\"https:\\\/\\\/egn.com\\\/se\\\/#\\\/schema\\\/logo\\\/image\\\/\",\"url\":\"https:\\\/\\\/egn.com\\\/se\\\/wp-content\\\/uploads\\\/sites\\\/6\\\/2026\\\/02\\\/EGN.png\",\"contentUrl\":\"https:\\\/\\\/egn.com\\\/se\\\/wp-content\\\/uploads\\\/sites\\\/6\\\/2026\\\/02\\\/EGN.png\",\"width\":2185,\"height\":699,\"caption\":\"EGN Sverige\"},\"image\":{\"@id\":\"https:\\\/\\\/egn.com\\\/se\\\/#\\\/schema\\\/logo\\\/image\\\/\"},\"sameAs\":[\"https:\\\/\\\/www.facebook.com\\\/egnsverige\\\/\",\"https:\\\/\\\/www.instagram.com\\\/egnsverige\",\"https:\\\/\\\/www.linkedin.com\\\/company\\\/executives-global-network\"],\"description\":\"EGN Sverige \u00e4r Sveriges st\u00f6rsta kompetensn\u00e4tverk f\u00f6r chefer och ledare som vill utveckla sitt ledarskap. Vi jobbar f\u00f6r att chefer och ledare tillsammans ska utvecklas och hj\u00e4lpa varandra med de utmaningar som man st\u00f6ter p\u00e5 i sin profession.\",\"email\":\"info@egn.se\",\"telephone\":\"+468210722\",\"vatID\":\"556739-7905\"},{\"@type\":\"Person\",\"@id\":\"https:\\\/\\\/egn.com\\\/se\\\/#\\\/schema\\\/person\\\/3da3209858548246e07549b3214acdf3\",\"name\":\"teddywestlund\",\"image\":{\"@type\":\"ImageObject\",\"inLanguage\":\"sv-SE\",\"@id\":\"https:\\\/\\\/secure.gravatar.com\\\/avatar\\\/3f51ca2bf516f332935d1c454b54add3cb558a0e74cbe71dbdb762ac63d44e80?s=96&d=mm&r=g\",\"url\":\"https:\\\/\\\/secure.gravatar.com\\\/avatar\\\/3f51ca2bf516f332935d1c454b54add3cb558a0e74cbe71dbdb762ac63d44e80?s=96&d=mm&r=g\",\"contentUrl\":\"https:\\\/\\\/secure.gravatar.com\\\/avatar\\\/3f51ca2bf516f332935d1c454b54add3cb558a0e74cbe71dbdb762ac63d44e80?s=96&d=mm&r=g\",\"caption\":\"teddywestlund\"},\"url\":\"https:\\\/\\\/egn.com\\\/se\\\/author\\\/teddywestlund\\\/\"}]}<\/script>","yoast_head_json":{"title":"Jan Liljero - En st\u00e4ndig uppt\u00e4cktsresa | EGN Sverige","description":"EGN Sverige skriver artiklar och kr\u00f6nikor f\u00f6r att l\u00e5ta dig inspireras till att v\u00e4xa som chef och ledare. Tillsammans g\u00f6r vi varandra b\u00e4ttre genom generositet, gl\u00e4dje, energi och tillit.","robots":{"index":"index","follow":"follow","max-snippet":"max-snippet:-1","max-image-preview":"max-image-preview:large","max-video-preview":"max-video-preview:-1"},"canonical":"https:\/\/egn.com\/se\/jan-liljero-en-standig-upptacktsresa\/","og_locale":"sv_SE","og_type":"article","og_title":"Jan Liljero - En st\u00e4ndig uppt\u00e4cktsresa","og_description":"Det tycks som att den egna positionen eller tryggheten h\u00e5ller tillbaka de f\u00f6rdjupande fr\u00e5gorna. Den professionellt nyfikne triggas av att l\u00e4ra mer av andra och \u00f6ppnar g\u00e4rna upp samtalet med intresserade fr\u00e5gor.","og_url":"https:\/\/egn.com\/se\/jan-liljero-en-standig-upptacktsresa\/","og_site_name":"EGN Sverige","article_publisher":"https:\/\/www.facebook.com\/egnsverige\/","article_published_time":"2017-03-20T13:28:29+00:00","article_modified_time":"2020-10-09T10:59:34+00:00","og_image":[{"width":1140,"height":480,"url":"https:\/\/egn.com\/se\/wp-content\/uploads\/sites\/6\/2020\/08\/En-standig-upptacktsresa.jpg","type":"image\/jpeg"}],"author":"teddywestlund","twitter_card":"summary_large_image","twitter_misc":{"Skriven av":"teddywestlund","Ber\u00e4knad l\u00e4stid":"3 minuter"},"schema":{"@context":"https:\/\/schema.org","@graph":[{"@type":"Article","@id":"https:\/\/egn.com\/se\/jan-liljero-en-standig-upptacktsresa\/#article","isPartOf":{"@id":"https:\/\/egn.com\/se\/jan-liljero-en-standig-upptacktsresa\/"},"author":{"name":"teddywestlund","@id":"https:\/\/egn.com\/se\/#\/schema\/person\/3da3209858548246e07549b3214acdf3"},"headline":"Jan Liljero &#8211; En st\u00e4ndig uppt\u00e4cktsresa","datePublished":"2017-03-20T13:28:29+00:00","dateModified":"2020-10-09T10:59:34+00:00","mainEntityOfPage":{"@id":"https:\/\/egn.com\/se\/jan-liljero-en-standig-upptacktsresa\/"},"wordCount":515,"publisher":{"@id":"https:\/\/egn.com\/se\/#organization"},"image":{"@id":"https:\/\/egn.com\/se\/jan-liljero-en-standig-upptacktsresa\/#primaryimage"},"thumbnailUrl":"https:\/\/egn.com\/se\/wp-content\/uploads\/sites\/6\/2020\/08\/En-standig-upptacktsresa.jpg","articleSection":["Insights"],"inLanguage":"sv-SE"},{"@type":"WebPage","@id":"https:\/\/egn.com\/se\/jan-liljero-en-standig-upptacktsresa\/","url":"https:\/\/egn.com\/se\/jan-liljero-en-standig-upptacktsresa\/","name":"Jan Liljero - En st\u00e4ndig uppt\u00e4cktsresa | EGN Sverige","isPartOf":{"@id":"https:\/\/egn.com\/se\/#website"},"primaryImageOfPage":{"@id":"https:\/\/egn.com\/se\/jan-liljero-en-standig-upptacktsresa\/#primaryimage"},"image":{"@id":"https:\/\/egn.com\/se\/jan-liljero-en-standig-upptacktsresa\/#primaryimage"},"thumbnailUrl":"https:\/\/egn.com\/se\/wp-content\/uploads\/sites\/6\/2020\/08\/En-standig-upptacktsresa.jpg","datePublished":"2017-03-20T13:28:29+00:00","dateModified":"2020-10-09T10:59:34+00:00","description":"EGN Sverige skriver artiklar och kr\u00f6nikor f\u00f6r att l\u00e5ta dig inspireras till att v\u00e4xa som chef och ledare. Tillsammans g\u00f6r vi varandra b\u00e4ttre genom generositet, gl\u00e4dje, energi och tillit.","breadcrumb":{"@id":"https:\/\/egn.com\/se\/jan-liljero-en-standig-upptacktsresa\/#breadcrumb"},"inLanguage":"sv-SE","potentialAction":[{"@type":"ReadAction","target":["https:\/\/egn.com\/se\/jan-liljero-en-standig-upptacktsresa\/"]}]},{"@type":"ImageObject","inLanguage":"sv-SE","@id":"https:\/\/egn.com\/se\/jan-liljero-en-standig-upptacktsresa\/#primaryimage","url":"https:\/\/egn.com\/se\/wp-content\/uploads\/sites\/6\/2020\/08\/En-standig-upptacktsresa.jpg","contentUrl":"https:\/\/egn.com\/se\/wp-content\/uploads\/sites\/6\/2020\/08\/En-standig-upptacktsresa.jpg","width":1140,"height":480},{"@type":"BreadcrumbList","@id":"https:\/\/egn.com\/se\/jan-liljero-en-standig-upptacktsresa\/#breadcrumb","itemListElement":[{"@type":"ListItem","position":1,"name":"Hem","item":"https:\/\/egn.com\/se\/"},{"@type":"ListItem","position":2,"name":"Jan Liljero &#8211; En st\u00e4ndig uppt\u00e4ck&hellip;"}]},{"@type":"WebSite","@id":"https:\/\/egn.com\/se\/#website","url":"https:\/\/egn.com\/se\/","name":"EGN Sverige","description":"Professionella n\u00e4tverk f\u00f6r ledare och specialister","publisher":{"@id":"https:\/\/egn.com\/se\/#organization"},"potentialAction":[{"@type":"SearchAction","target":{"@type":"EntryPoint","urlTemplate":"https:\/\/egn.com\/se\/?s={search_term_string}"},"query-input":{"@type":"PropertyValueSpecification","valueRequired":true,"valueName":"search_term_string"}}],"inLanguage":"sv-SE"},{"@type":"Organization","@id":"https:\/\/egn.com\/se\/#organization","name":"EGN Sverige","alternateName":"EGN","url":"https:\/\/egn.com\/se\/","logo":{"@type":"ImageObject","inLanguage":"sv-SE","@id":"https:\/\/egn.com\/se\/#\/schema\/logo\/image\/","url":"https:\/\/egn.com\/se\/wp-content\/uploads\/sites\/6\/2026\/02\/EGN.png","contentUrl":"https:\/\/egn.com\/se\/wp-content\/uploads\/sites\/6\/2026\/02\/EGN.png","width":2185,"height":699,"caption":"EGN Sverige"},"image":{"@id":"https:\/\/egn.com\/se\/#\/schema\/logo\/image\/"},"sameAs":["https:\/\/www.facebook.com\/egnsverige\/","https:\/\/www.instagram.com\/egnsverige","https:\/\/www.linkedin.com\/company\/executives-global-network"],"description":"EGN Sverige \u00e4r Sveriges st\u00f6rsta kompetensn\u00e4tverk f\u00f6r chefer och ledare som vill utveckla sitt ledarskap. Vi jobbar f\u00f6r att chefer och ledare tillsammans ska utvecklas och hj\u00e4lpa varandra med de utmaningar som man st\u00f6ter p\u00e5 i sin profession.","email":"info@egn.se","telephone":"+468210722","vatID":"556739-7905"},{"@type":"Person","@id":"https:\/\/egn.com\/se\/#\/schema\/person\/3da3209858548246e07549b3214acdf3","name":"teddywestlund","image":{"@type":"ImageObject","inLanguage":"sv-SE","@id":"https:\/\/secure.gravatar.com\/avatar\/3f51ca2bf516f332935d1c454b54add3cb558a0e74cbe71dbdb762ac63d44e80?s=96&d=mm&r=g","url":"https:\/\/secure.gravatar.com\/avatar\/3f51ca2bf516f332935d1c454b54add3cb558a0e74cbe71dbdb762ac63d44e80?s=96&d=mm&r=g","contentUrl":"https:\/\/secure.gravatar.com\/avatar\/3f51ca2bf516f332935d1c454b54add3cb558a0e74cbe71dbdb762ac63d44e80?s=96&d=mm&r=g","caption":"teddywestlund"},"url":"https:\/\/egn.com\/se\/author\/teddywestlund\/"}]}},"_links":{"self":[{"href":"https:\/\/egn.com\/se\/wp-json\/wp\/v2\/posts\/1155","targetHints":{"allow":["GET"]}}],"collection":[{"href":"https:\/\/egn.com\/se\/wp-json\/wp\/v2\/posts"}],"about":[{"href":"https:\/\/egn.com\/se\/wp-json\/wp\/v2\/types\/post"}],"author":[{"embeddable":true,"href":"https:\/\/egn.com\/se\/wp-json\/wp\/v2\/users\/36"}],"replies":[{"embeddable":true,"href":"https:\/\/egn.com\/se\/wp-json\/wp\/v2\/comments?post=1155"}],"version-history":[{"count":0,"href":"https:\/\/egn.com\/se\/wp-json\/wp\/v2\/posts\/1155\/revisions"}],"wp:featuredmedia":[{"embeddable":true,"href":"https:\/\/egn.com\/se\/wp-json\/wp\/v2\/media\/1156"}],"wp:attachment":[{"href":"https:\/\/egn.com\/se\/wp-json\/wp\/v2\/media?parent=1155"}],"wp:term":[{"taxonomy":"category","embeddable":true,"href":"https:\/\/egn.com\/se\/wp-json\/wp\/v2\/categories?post=1155"},{"taxonomy":"post_tag","embeddable":true,"href":"https:\/\/egn.com\/se\/wp-json\/wp\/v2\/tags?post=1155"}],"curies":[{"name":"wp","href":"https:\/\/api.w.org\/{rel}","templated":true}]}}