{"id":1161,"date":"2017-04-18T10:45:35","date_gmt":"2017-04-18T08:45:35","guid":{"rendered":"https:\/\/egn.com\/se\/?p=1161"},"modified":"2020-10-09T13:06:09","modified_gmt":"2020-10-09T11:06:09","slug":"fran-motesinfarkt-till-moteskultur","status":"publish","type":"post","link":"https:\/\/egn.com\/se\/fran-motesinfarkt-till-moteskultur\/","title":{"rendered":"Fr\u00e5n m\u00f6tesinfarkt till m\u00f6teskultur"},"content":{"rendered":"<h1 class=\"main-title\">Hur kan vi f\u00e5 en b\u00e4ttre struktur p\u00e5 v\u00e5ra m\u00f6ten?<\/h1>\n<p>F\u00f6lj med p\u00e5 en av hundratals n\u00e4tverksm\u00f6ten i EGN:s regi och ta del av det aktuella temat \u201dv\u00e4rdskap\u201d och tips p\u00e5 hur du kan f\u00e5 b\u00e4ttre struktur och kultur i dina m\u00f6ten.<\/p>\n<p>&#8211;<\/p>\n<p>Klockan \u00e4r strax efter 10 n\u00e4r v\u00e5r g\u00e4stf\u00f6rel\u00e4sare, \u00c5sa Lindell, kommer. Det har blivit dags att p\u00e5b\u00f6rja dagens temaf\u00f6rel\u00e4sning med efterf\u00f6ljande diskussion.<\/p>\n<p>\u00c5sa \u00e4r m\u00f6tesledare p\u00e5 EGN, och har tidigare varit kommunikationschef f\u00f6r en handfull v\u00e4lk\u00e4nda bolag som exempelvis Lindex, Stena Line och Schenker. Idag arbetar \u00c5sa som konsult och \u201dm\u00f6tesexpert\u201d i sitt eget bolag. Hon ber\u00e4ttar:<\/p>\n<p><em>&#8221;<\/em>F\u00f6r 9 \u00e5r sedan var det n\u00e4stan ingen som talade om m\u00f6teskultur. Idag ser det helt annorlunda ut, se p\u00e5 exempelvis IKEA och en del andra bolag som till och med har \u201dMeeting Managers\u201d.<\/p>\n<p><strong>En bra m\u00f6teskultur skapar en gemensam riktning<\/strong><br \/>\n\u00c5sa ger oss n\u00e5gra siffror. Hon ber\u00e4ttar att 6 av 10 upplever att m\u00f6ten saknar ett tydligt syfte, 50 procent av m\u00f6testiden upplevs som ineffektiv, 33 procent av deltagarna upplever att de inte har p\u00e5 m\u00f6tet att g\u00f6ra och 10 procent av m\u00f6testiden g\u00e5r till teknikstrul. Ingen munter statistik med andra ord. Hon st\u00e4ller fr\u00e5gan:<\/p>\n<p>&#8221;Vad skulle h\u00e4nda om alla v\u00e5ra m\u00f6ten var effektiva? Om m\u00f6tena skulle ge oss det vi vill ha, vad skulle bli skillnaden?&#8221;<\/p>\n<p>\u00c5sa n\u00e4mner en siffra p\u00e5 9 miljoner kronor per \u00e5r f\u00f6r ett \u201dnormalt\u201d bolag med cirka 200 anst\u00e4llda. \u00a0Det \u00e4r vad \u201dm\u00f6tessl\u00f6seriet\u201d uppskattas kosta. Dessa pengar kan ist\u00e4llet l\u00e4ggas p\u00e5 annat.<\/p>\n<p><strong>Ett\u00a0b\u00e4ttre arbetsmilj\u00f6<\/strong><br \/>\nDet \u00e4r inte fel att tala om nyckeltal som m\u00e4ter vad vi g\u00f6r p\u00e5 v\u00e5ra m\u00f6ten och vilken effekt det har f\u00f6r v\u00e5r verksamhet. Men det handlar inte bara om potentiella kostnadsbesparingar.<\/p>\n<p>En effektiv m\u00f6tesstruktur leder till b\u00e4ttre arbetsmilj\u00f6 och mindre stress. Man ska inte heller underskatta den positiva energi som skapas av bra m\u00f6ten &#8211; k\u00e4nslan av stolthet och att man tillh\u00f6r ett team som arbetar mot ett gemensamt m\u00e5l.<\/p>\n<p>En bra m\u00f6teskultur skapar en gemensam riktning som leder till framg\u00e5ng, f\u00f6rklarar hon.<\/p>\n<blockquote><p>Det g\u00e5r inte f\u00f6r\u00e4ndra en kultur om inte ledarna tar \u00e4garskap. En beteendef\u00f6r\u00e4ndring som inbegriper ledarna kr\u00e4vs f\u00f6r ett lyckat resultat<\/p><\/blockquote>\n<p><strong>Hur skapas en bra m\u00f6teskultur?<\/strong><br \/>\n\u00c5sa beskriver den femstegsprocess som hon anv\u00e4nder sig av n\u00e4r hon hj\u00e4lper f\u00f6retag som vill ta sig ur en ineffektiv m\u00f6teskultur. F\u00f6rst g\u00f6r vi en \u201dnul\u00e4gesm\u00e4tning\u201d. Vi tar reda p\u00e5 hur det st\u00e5r till. Hur har vi det egentligen?<\/p>\n<p>&#8221;H\u00e4r framkommer ofta att m\u00e5nga kommer f\u00f6rsent till m\u00f6tena och \u00e4r of\u00f6rberedda. \u00c4ven m\u00f6tesledarna \u00e4r of\u00f6rberedda&#8221;.<\/p>\n<p>Steg tv\u00e5 handlar om att engagera ledningen.<\/p>\n<p>&#8221;Det g\u00e5r inte f\u00f6r\u00e4ndra en kultur om inte ledarna tar \u00e4garskap. En beteendef\u00f6r\u00e4ndring som inbegriper ledarna kr\u00e4vs f\u00f6r ett lyckat resultat&#8221;.<\/p>\n<p>Det kan l\u00e5ta larvigt, men gemensamma spelregler \u00e4r n\u00f6dv\u00e4ndigt. Hur vill vi ha det? Det \u00e4r viktigt att ta fram spelreglerna tillsammans och att g\u00f6ra ett ordentligt f\u00f6rankringsarbete, detta \u00e4r steg tre.<\/p>\n<p>&#8221;Ett bra exempel \u00e4r att l\u00e4sa upp reglerna i b\u00f6rjan av varje m\u00f6te. Att synligg\u00f6ra och p\u00e5tala vilka regler som g\u00e4ller g\u00f6r det sv\u00e5rare att kasta sig \u00e5t ett annat h\u00e5ll. I slutet av varje m\u00f6te utv\u00e4rderar vi oss, genom att st\u00e4lla fr\u00e5gorna: Hur har vi sk\u00f6tt oss? Vad har vi gjort bra, vad kan vi g\u00f6ra b\u00e4ttre och hur ska detta ske? Matchen \u00e4r i m\u00f6tet, det \u00e4r d\u00e4r reglerna r\u00e4knas&#8221;.<\/p>\n<p><strong>Kompetensutveckling f\u00f6r m\u00f6tesledarna<\/strong><br \/>\nEn annan viktig faktor \u00e4r kompetensutveckling f\u00f6r m\u00f6tesledarna. Kompetensen f\u00f6r att lyckas i rollen som m\u00f6tesledare beh\u00f6ver s\u00e4kerst\u00e4llas, vilket sker i det fj\u00e4rde steget.<\/p>\n<p>&#8221;Vi tar bland annat fram checklistor som \u00e4r enkla och smidiga att anv\u00e4nda och tr\u00e4nar p\u00e5 m\u00f6tesledarbeteendet&#8221;.<\/p>\n<p>Det femte, och sista steget, handlar om att integrera den nya m\u00f6teskulturen i verksamheten.<\/p>\n<p>&#8221;Vi implementerar exempelvis en digital m\u00f6tesguide, ett st\u00f6ddokument, som underl\u00e4ttar m\u00f6tesprocessen. Man kan klicka f\u00f6r att f\u00e5 information och tips om hur ett m\u00f6te f\u00f6rbereds, h\u00e5lls och f\u00f6ljs upp. Vad \u00e4r m\u00f6tets syfte? Vem ska kallas? Integrering av den nya m\u00f6teskulturen sker ocks\u00e5 i utvecklingssamtalen, kommunikationsplanen och rekryteringen&#8221;.<\/p>\n<p>\u00c5sa ber\u00e4ttar att samtliga faktorer brukar m\u00e4tas 20-40 procent b\u00e4ttre inom ett \u00e5r, vilket \u00e4r bra d\u00e5 det inneb\u00e4r att det skett en stor f\u00f6r\u00e4ndring.<\/p>\n<blockquote><p>Prata om m\u00f6teskulturen vid rekryteringar och tydligg\u00f6r vad som g\u00e4ller<\/p><\/blockquote>\n<p><strong>Vilka \u00e4r framg\u00e5ngsfaktorerna?<\/strong><br \/>\nF\u00f6r att lyckas med implementeringen kr\u00e4vs det att ledningen forts\u00e4tter ha ett \u00e4garskap och f\u00f6reg\u00e5 med gott exempel. Kulturen f\u00e5r inte blir ett projekt vid sidan om, utan \u00e4r en naturlig del av verksamheten som inkluderas i kvalitetssystemet, mallar f\u00f6r utvecklingssamtal och s\u00e5 vidare.<\/p>\n<p>&#8221;Prata om m\u00f6teskulturen vid rekryteringar och tydligg\u00f6r vad som g\u00e4ller. Naturligtvis kr\u00e4vs \u00e4ven en god struktur, bra rutiner, tydligt arbetss\u00e4tt, ordning och reda samt att leva som man l\u00e4r&#8221;.<\/p>\n<p>En av deltagarna utbrister, lite f\u00f6rskr\u00e4ckt:<\/p>\n<p>&#8221;Jag har jobbat som chef och konsult i \u00f6ver 25 \u00e5r, men aldrig p\u00e5 en arbetsplats med en fungerande m\u00f6teskultur eller i en milj\u00f6 d\u00e4r det \u00e4r naturligt att man aktivt arbetar f\u00f6r att utveckla och f\u00f6rb\u00e4ttra sin m\u00f6teskultur&#8221;.<\/p>\n<p>Och tyv\u00e4rr st\u00e5r f\u00f6red\u00f6mliga exempel inte p\u00e5 rad. En annan medlem ber\u00e4ttar:<\/p>\n<p>&#8221;Vi har en m\u00f6tesmall, men den anv\u00e4nds inte&#8221;.<\/p>\n<p>En av deltagarna arbetar p\u00e5 ett bolag som har en v\u00e4lutvecklad och fungerande m\u00f6tesstruktur, men trots detta \u00e4nd\u00e5 inte lyckas fullt ut:<\/p>\n<p>&#8221;Vi \u00e4r alltid f\u00f6r m\u00e5nga, och fel personer, som kallas till m\u00f6tena. Det urvattnar tyv\u00e4rr v\u00e5r m\u00f6teskultur och skapar ineffektiva m\u00f6ten och d\u00e5lig st\u00e4mning helt i on\u00f6dan. Jag funderar ofta p\u00e5 &#8217;vad g\u00f6r jag h\u00e4r egentligen&#8217;? Detsamma g\u00e4ller alla mejl, vi har ingen bra mejlpolicy, jag vet flera kollegor som inte l\u00e4ser ett enda mejl d\u00e4r de ligger som cc. Det k\u00e4nns som att vi har inflation i b\u00e5de m\u00f6ten och mejl&#8221;.<\/p>\n<p>En annan medlem kontrar snabbt:<\/p>\n<p>&#8221;Men s\u00e4ger du inte ifr\u00e5n? Jag blir galen p\u00e5 alla m\u00f6ten och ifr\u00e5gas\u00e4tter ofta varf\u00f6r jag kallas? Vad \u00e4r syftet med att ha mig d\u00e4r? R\u00e4cker det inte att skicka protokollet?&#8221;<\/p>\n<blockquote><p>V\u00e4rdskap k\u00e4nns sj\u00e4lvklart, jag har sv\u00e5rt att se hur man kan leda ett m\u00f6te utan att ta ett aktivt v\u00e4rdskap<\/p><\/blockquote>\n<p><strong>Serviceinriktad\u00a0m\u00f6tesledarna<\/strong><br \/>\n\u00c5sa pratar om begreppet \u201dv\u00e4rdskap\u201d. Vi f\u00e5r t\u00e4nka till och associera till begreppet. Sammanfattningsvis kom vi fram till att ett m\u00f6te som har en v\u00e4rd eller v\u00e4rdinna blir \u00e4nnu b\u00e4ttre d\u00e5 ordet per automatik g\u00f6r att m\u00f6tesledaren k\u00e4nner sig mer serviceinriktad. N\u00e5gra av deltagarna kommenterar:<\/p>\n<p>&#8221;M\u00f6tet \u00e4r inte f\u00f6r mig, utan f\u00f6r dem&#8221;.<\/p>\n<p>&#8221;F\u00f6r mig inneb\u00e4r ordet ett st\u00f6rre ansvar och en tydligare ledarroll. Ett krav p\u00e5 att vara n\u00e4rvarande, att v\u00e5ga styra och verkligen leda m\u00f6tet&#8221;.<\/p>\n<p>&#8221;V\u00e4rdskap k\u00e4nns sj\u00e4lvklart, jag har sv\u00e5rt att se hur man kan leda ett m\u00f6te utan att ta ett aktivt v\u00e4rdskap&#8221;.<\/p>\n<p>Efter en energiskapande f\u00f6rmiddag har det blivit dags att summera dagen. Gruppen \u00e4r n\u00f6jd med m\u00f6tet. Och som en ny medlem i gruppen sa:<\/p>\n<p>&#8221;Jag tycker att klimatet i gruppen k\u00e4nns till\u00e5tande och att EGN:s lokaler \u00e4r fantastiska!&#8221;.<\/p>\n<p><strong>S\u00e5 h\u00e4r skapar du bra energi p\u00e5 dina m\u00f6ten!<\/strong><\/p>\n<ul>\n<li>Skapa en gemensam m\u00e5lbild av m\u00f6tet.<\/li>\n<li>Uppm\u00e4rksamma framg\u00e5ngar.<\/li>\n<li>Parkera fr\u00e5gor som inte leder fram\u00e5t eller finns med p\u00e5 dagordningen.<\/li>\n<li>Ber\u00e4tta n\u00e5got bra.<\/li>\n<li>Bryta m\u00f6nster och g\u00f6r n\u00e5got annorlunda.<\/li>\n<li>Ta ansvar f\u00f6r den eventuella \u201dsabot\u00f6ren\u201d \u2013 lyft ut hen.<\/li>\n<li>Musik \u2013 exempelvis en projektl\u00e5t.<\/li>\n<\/ul>\n<p><strong>Vad kan du g\u00f6ra f\u00f6r att bryta negativ energi?<\/strong><\/p>\n<ul>\n<li>Byt plats, \u00f6verraska<\/li>\n<li>Ber\u00e4tta en bra stor<\/li>\n<li>Dela goda exempel<\/li>\n<li>Lyssna aktivt<\/li>\n<li>Lyft fr\u00e5gan till det strategiska planet igen<\/li>\n<li>St\u00e4ll \u00f6ppna fr\u00e5gor<\/li>\n<li>Byt agenda<\/li>\n<li>Prata om andra saker<\/li>\n<\/ul>\n","protected":false},"excerpt":{"rendered":"<p>&#8221;Jag blir galen p\u00e5 alla m\u00f6ten och ifr\u00e5gas\u00e4tter ofta varf\u00f6r jag kallas? Vad \u00e4r syftet med att ha mig d\u00e4r? R\u00e4cker det inte att skicka protokollet?&#8221;<\/p>\n","protected":false},"author":36,"featured_media":1162,"comment_status":"closed","ping_status":"open","sticky":false,"template":"","format":"standard","meta":{"_acf_changed":false,"footnotes":""},"categories":[11],"tags":[],"class_list":["post-1161","post","type-post","status-publish","format-standard","has-post-thumbnail","hentry","category-insights"],"acf":[],"yoast_head":"<title>Fr\u00e5n m\u00f6tesinfarkt till m\u00f6teskultur | EGN Sverige<\/title>\n<meta name=\"description\" content=\"EGN Sverige skriver artiklar och kr\u00f6nikor f\u00f6r att l\u00e5ta dig inspireras till att v\u00e4xa som chef och ledare. Tillsammans g\u00f6r vi varandra b\u00e4ttre genom generositet, gl\u00e4dje, energi och tillit.\" \/>\n<meta name=\"robots\" content=\"index, follow, max-snippet:-1, max-image-preview:large, max-video-preview:-1\" \/>\n<link rel=\"canonical\" href=\"https:\/\/egn.com\/se\/fran-motesinfarkt-till-moteskultur\/\" \/>\n<meta property=\"og:locale\" content=\"sv_SE\" \/>\n<meta property=\"og:type\" content=\"article\" \/>\n<meta property=\"og:title\" content=\"Fr\u00e5n m\u00f6tesinfarkt till m\u00f6teskultur\" \/>\n<meta property=\"og:description\" content=\"&quot;Jag blir galen p\u00e5 alla m\u00f6ten och ifr\u00e5gas\u00e4tter ofta varf\u00f6r jag kallas? Vad \u00e4r syftet med att ha mig d\u00e4r? R\u00e4cker det inte att skicka protokollet?&quot;\" \/>\n<meta property=\"og:url\" content=\"https:\/\/egn.com\/se\/fran-motesinfarkt-till-moteskultur\/\" \/>\n<meta property=\"og:site_name\" content=\"EGN Sverige\" \/>\n<meta property=\"article:publisher\" content=\"https:\/\/www.facebook.com\/egnsverige\/\" \/>\n<meta property=\"article:published_time\" content=\"2017-04-18T08:45:35+00:00\" \/>\n<meta property=\"article:modified_time\" content=\"2020-10-09T11:06:09+00:00\" \/>\n<meta property=\"og:image\" content=\"https:\/\/egn.com\/se\/wp-content\/uploads\/sites\/6\/2020\/08\/motesinfarkt.jpg_0.png\" \/>\n\t<meta property=\"og:image:width\" content=\"1140\" \/>\n\t<meta property=\"og:image:height\" content=\"480\" \/>\n\t<meta property=\"og:image:type\" content=\"image\/png\" \/>\n<meta name=\"author\" content=\"teddywestlund\" \/>\n<meta name=\"twitter:card\" content=\"summary_large_image\" \/>\n<meta name=\"twitter:label1\" content=\"Skriven av\" \/>\n\t<meta name=\"twitter:data1\" content=\"teddywestlund\" \/>\n\t<meta name=\"twitter:label2\" content=\"Ber\u00e4knad l\u00e4stid\" \/>\n\t<meta name=\"twitter:data2\" content=\"7 minuter\" \/>\n<script type=\"application\/ld+json\" class=\"yoast-schema-graph\">{\"@context\":\"https:\\\/\\\/schema.org\",\"@graph\":[{\"@type\":\"Article\",\"@id\":\"https:\\\/\\\/egn.com\\\/se\\\/fran-motesinfarkt-till-moteskultur\\\/#article\",\"isPartOf\":{\"@id\":\"https:\\\/\\\/egn.com\\\/se\\\/fran-motesinfarkt-till-moteskultur\\\/\"},\"author\":{\"name\":\"teddywestlund\",\"@id\":\"https:\\\/\\\/egn.com\\\/se\\\/#\\\/schema\\\/person\\\/3da3209858548246e07549b3214acdf3\"},\"headline\":\"Fr\u00e5n m\u00f6tesinfarkt till m\u00f6teskultur\",\"datePublished\":\"2017-04-18T08:45:35+00:00\",\"dateModified\":\"2020-10-09T11:06:09+00:00\",\"mainEntityOfPage\":{\"@id\":\"https:\\\/\\\/egn.com\\\/se\\\/fran-motesinfarkt-till-moteskultur\\\/\"},\"wordCount\":1476,\"publisher\":{\"@id\":\"https:\\\/\\\/egn.com\\\/se\\\/#organization\"},\"image\":{\"@id\":\"https:\\\/\\\/egn.com\\\/se\\\/fran-motesinfarkt-till-moteskultur\\\/#primaryimage\"},\"thumbnailUrl\":\"https:\\\/\\\/egn.com\\\/se\\\/wp-content\\\/uploads\\\/sites\\\/6\\\/2020\\\/08\\\/motesinfarkt.jpg_0.png\",\"articleSection\":[\"Insights\"],\"inLanguage\":\"sv-SE\"},{\"@type\":\"WebPage\",\"@id\":\"https:\\\/\\\/egn.com\\\/se\\\/fran-motesinfarkt-till-moteskultur\\\/\",\"url\":\"https:\\\/\\\/egn.com\\\/se\\\/fran-motesinfarkt-till-moteskultur\\\/\",\"name\":\"Fr\u00e5n m\u00f6tesinfarkt till m\u00f6teskultur | EGN Sverige\",\"isPartOf\":{\"@id\":\"https:\\\/\\\/egn.com\\\/se\\\/#website\"},\"primaryImageOfPage\":{\"@id\":\"https:\\\/\\\/egn.com\\\/se\\\/fran-motesinfarkt-till-moteskultur\\\/#primaryimage\"},\"image\":{\"@id\":\"https:\\\/\\\/egn.com\\\/se\\\/fran-motesinfarkt-till-moteskultur\\\/#primaryimage\"},\"thumbnailUrl\":\"https:\\\/\\\/egn.com\\\/se\\\/wp-content\\\/uploads\\\/sites\\\/6\\\/2020\\\/08\\\/motesinfarkt.jpg_0.png\",\"datePublished\":\"2017-04-18T08:45:35+00:00\",\"dateModified\":\"2020-10-09T11:06:09+00:00\",\"description\":\"EGN Sverige skriver artiklar och kr\u00f6nikor f\u00f6r att l\u00e5ta dig inspireras till att v\u00e4xa som chef och ledare. Tillsammans g\u00f6r vi varandra b\u00e4ttre genom generositet, gl\u00e4dje, energi och tillit.\",\"breadcrumb\":{\"@id\":\"https:\\\/\\\/egn.com\\\/se\\\/fran-motesinfarkt-till-moteskultur\\\/#breadcrumb\"},\"inLanguage\":\"sv-SE\",\"potentialAction\":[{\"@type\":\"ReadAction\",\"target\":[\"https:\\\/\\\/egn.com\\\/se\\\/fran-motesinfarkt-till-moteskultur\\\/\"]}]},{\"@type\":\"ImageObject\",\"inLanguage\":\"sv-SE\",\"@id\":\"https:\\\/\\\/egn.com\\\/se\\\/fran-motesinfarkt-till-moteskultur\\\/#primaryimage\",\"url\":\"https:\\\/\\\/egn.com\\\/se\\\/wp-content\\\/uploads\\\/sites\\\/6\\\/2020\\\/08\\\/motesinfarkt.jpg_0.png\",\"contentUrl\":\"https:\\\/\\\/egn.com\\\/se\\\/wp-content\\\/uploads\\\/sites\\\/6\\\/2020\\\/08\\\/motesinfarkt.jpg_0.png\",\"width\":1140,\"height\":480},{\"@type\":\"BreadcrumbList\",\"@id\":\"https:\\\/\\\/egn.com\\\/se\\\/fran-motesinfarkt-till-moteskultur\\\/#breadcrumb\",\"itemListElement\":[{\"@type\":\"ListItem\",\"position\":1,\"name\":\"Hem\",\"item\":\"https:\\\/\\\/egn.com\\\/se\\\/\"},{\"@type\":\"ListItem\",\"position\":2,\"name\":\"Fr\u00e5n m\u00f6tesinfarkt till m\u00f6teskultur\"}]},{\"@type\":\"WebSite\",\"@id\":\"https:\\\/\\\/egn.com\\\/se\\\/#website\",\"url\":\"https:\\\/\\\/egn.com\\\/se\\\/\",\"name\":\"EGN Sverige\",\"description\":\"Professionella n\u00e4tverk f\u00f6r ledare och specialister\",\"publisher\":{\"@id\":\"https:\\\/\\\/egn.com\\\/se\\\/#organization\"},\"potentialAction\":[{\"@type\":\"SearchAction\",\"target\":{\"@type\":\"EntryPoint\",\"urlTemplate\":\"https:\\\/\\\/egn.com\\\/se\\\/?s={search_term_string}\"},\"query-input\":{\"@type\":\"PropertyValueSpecification\",\"valueRequired\":true,\"valueName\":\"search_term_string\"}}],\"inLanguage\":\"sv-SE\"},{\"@type\":\"Organization\",\"@id\":\"https:\\\/\\\/egn.com\\\/se\\\/#organization\",\"name\":\"EGN Sverige\",\"alternateName\":\"EGN\",\"url\":\"https:\\\/\\\/egn.com\\\/se\\\/\",\"logo\":{\"@type\":\"ImageObject\",\"inLanguage\":\"sv-SE\",\"@id\":\"https:\\\/\\\/egn.com\\\/se\\\/#\\\/schema\\\/logo\\\/image\\\/\",\"url\":\"https:\\\/\\\/egn.com\\\/se\\\/wp-content\\\/uploads\\\/sites\\\/6\\\/2026\\\/02\\\/EGN.png\",\"contentUrl\":\"https:\\\/\\\/egn.com\\\/se\\\/wp-content\\\/uploads\\\/sites\\\/6\\\/2026\\\/02\\\/EGN.png\",\"width\":2185,\"height\":699,\"caption\":\"EGN Sverige\"},\"image\":{\"@id\":\"https:\\\/\\\/egn.com\\\/se\\\/#\\\/schema\\\/logo\\\/image\\\/\"},\"sameAs\":[\"https:\\\/\\\/www.facebook.com\\\/egnsverige\\\/\",\"https:\\\/\\\/www.instagram.com\\\/egnsverige\",\"https:\\\/\\\/www.linkedin.com\\\/company\\\/executives-global-network\"],\"description\":\"EGN Sverige \u00e4r Sveriges st\u00f6rsta kompetensn\u00e4tverk f\u00f6r chefer och ledare som vill utveckla sitt ledarskap. Vi jobbar f\u00f6r att chefer och ledare tillsammans ska utvecklas och hj\u00e4lpa varandra med de utmaningar som man st\u00f6ter p\u00e5 i sin profession.\",\"email\":\"info@egn.se\",\"telephone\":\"+468210722\",\"vatID\":\"556739-7905\"},{\"@type\":\"Person\",\"@id\":\"https:\\\/\\\/egn.com\\\/se\\\/#\\\/schema\\\/person\\\/3da3209858548246e07549b3214acdf3\",\"name\":\"teddywestlund\",\"image\":{\"@type\":\"ImageObject\",\"inLanguage\":\"sv-SE\",\"@id\":\"https:\\\/\\\/secure.gravatar.com\\\/avatar\\\/3f51ca2bf516f332935d1c454b54add3cb558a0e74cbe71dbdb762ac63d44e80?s=96&d=mm&r=g\",\"url\":\"https:\\\/\\\/secure.gravatar.com\\\/avatar\\\/3f51ca2bf516f332935d1c454b54add3cb558a0e74cbe71dbdb762ac63d44e80?s=96&d=mm&r=g\",\"contentUrl\":\"https:\\\/\\\/secure.gravatar.com\\\/avatar\\\/3f51ca2bf516f332935d1c454b54add3cb558a0e74cbe71dbdb762ac63d44e80?s=96&d=mm&r=g\",\"caption\":\"teddywestlund\"},\"url\":\"https:\\\/\\\/egn.com\\\/se\\\/author\\\/teddywestlund\\\/\"}]}<\/script>","yoast_head_json":{"title":"Fr\u00e5n m\u00f6tesinfarkt till m\u00f6teskultur | EGN Sverige","description":"EGN Sverige skriver artiklar och kr\u00f6nikor f\u00f6r att l\u00e5ta dig inspireras till att v\u00e4xa som chef och ledare. Tillsammans g\u00f6r vi varandra b\u00e4ttre genom generositet, gl\u00e4dje, energi och tillit.","robots":{"index":"index","follow":"follow","max-snippet":"max-snippet:-1","max-image-preview":"max-image-preview:large","max-video-preview":"max-video-preview:-1"},"canonical":"https:\/\/egn.com\/se\/fran-motesinfarkt-till-moteskultur\/","og_locale":"sv_SE","og_type":"article","og_title":"Fr\u00e5n m\u00f6tesinfarkt till m\u00f6teskultur","og_description":"\"Jag blir galen p\u00e5 alla m\u00f6ten och ifr\u00e5gas\u00e4tter ofta varf\u00f6r jag kallas? Vad \u00e4r syftet med att ha mig d\u00e4r? R\u00e4cker det inte att skicka protokollet?\"","og_url":"https:\/\/egn.com\/se\/fran-motesinfarkt-till-moteskultur\/","og_site_name":"EGN Sverige","article_publisher":"https:\/\/www.facebook.com\/egnsverige\/","article_published_time":"2017-04-18T08:45:35+00:00","article_modified_time":"2020-10-09T11:06:09+00:00","og_image":[{"width":1140,"height":480,"url":"https:\/\/egn.com\/se\/wp-content\/uploads\/sites\/6\/2020\/08\/motesinfarkt.jpg_0.png","type":"image\/png"}],"author":"teddywestlund","twitter_card":"summary_large_image","twitter_misc":{"Skriven av":"teddywestlund","Ber\u00e4knad l\u00e4stid":"7 minuter"},"schema":{"@context":"https:\/\/schema.org","@graph":[{"@type":"Article","@id":"https:\/\/egn.com\/se\/fran-motesinfarkt-till-moteskultur\/#article","isPartOf":{"@id":"https:\/\/egn.com\/se\/fran-motesinfarkt-till-moteskultur\/"},"author":{"name":"teddywestlund","@id":"https:\/\/egn.com\/se\/#\/schema\/person\/3da3209858548246e07549b3214acdf3"},"headline":"Fr\u00e5n m\u00f6tesinfarkt till m\u00f6teskultur","datePublished":"2017-04-18T08:45:35+00:00","dateModified":"2020-10-09T11:06:09+00:00","mainEntityOfPage":{"@id":"https:\/\/egn.com\/se\/fran-motesinfarkt-till-moteskultur\/"},"wordCount":1476,"publisher":{"@id":"https:\/\/egn.com\/se\/#organization"},"image":{"@id":"https:\/\/egn.com\/se\/fran-motesinfarkt-till-moteskultur\/#primaryimage"},"thumbnailUrl":"https:\/\/egn.com\/se\/wp-content\/uploads\/sites\/6\/2020\/08\/motesinfarkt.jpg_0.png","articleSection":["Insights"],"inLanguage":"sv-SE"},{"@type":"WebPage","@id":"https:\/\/egn.com\/se\/fran-motesinfarkt-till-moteskultur\/","url":"https:\/\/egn.com\/se\/fran-motesinfarkt-till-moteskultur\/","name":"Fr\u00e5n m\u00f6tesinfarkt till m\u00f6teskultur | EGN Sverige","isPartOf":{"@id":"https:\/\/egn.com\/se\/#website"},"primaryImageOfPage":{"@id":"https:\/\/egn.com\/se\/fran-motesinfarkt-till-moteskultur\/#primaryimage"},"image":{"@id":"https:\/\/egn.com\/se\/fran-motesinfarkt-till-moteskultur\/#primaryimage"},"thumbnailUrl":"https:\/\/egn.com\/se\/wp-content\/uploads\/sites\/6\/2020\/08\/motesinfarkt.jpg_0.png","datePublished":"2017-04-18T08:45:35+00:00","dateModified":"2020-10-09T11:06:09+00:00","description":"EGN Sverige skriver artiklar och kr\u00f6nikor f\u00f6r att l\u00e5ta dig inspireras till att v\u00e4xa som chef och ledare. Tillsammans g\u00f6r vi varandra b\u00e4ttre genom generositet, gl\u00e4dje, energi och tillit.","breadcrumb":{"@id":"https:\/\/egn.com\/se\/fran-motesinfarkt-till-moteskultur\/#breadcrumb"},"inLanguage":"sv-SE","potentialAction":[{"@type":"ReadAction","target":["https:\/\/egn.com\/se\/fran-motesinfarkt-till-moteskultur\/"]}]},{"@type":"ImageObject","inLanguage":"sv-SE","@id":"https:\/\/egn.com\/se\/fran-motesinfarkt-till-moteskultur\/#primaryimage","url":"https:\/\/egn.com\/se\/wp-content\/uploads\/sites\/6\/2020\/08\/motesinfarkt.jpg_0.png","contentUrl":"https:\/\/egn.com\/se\/wp-content\/uploads\/sites\/6\/2020\/08\/motesinfarkt.jpg_0.png","width":1140,"height":480},{"@type":"BreadcrumbList","@id":"https:\/\/egn.com\/se\/fran-motesinfarkt-till-moteskultur\/#breadcrumb","itemListElement":[{"@type":"ListItem","position":1,"name":"Hem","item":"https:\/\/egn.com\/se\/"},{"@type":"ListItem","position":2,"name":"Fr\u00e5n m\u00f6tesinfarkt till m\u00f6teskultur"}]},{"@type":"WebSite","@id":"https:\/\/egn.com\/se\/#website","url":"https:\/\/egn.com\/se\/","name":"EGN Sverige","description":"Professionella n\u00e4tverk f\u00f6r ledare och specialister","publisher":{"@id":"https:\/\/egn.com\/se\/#organization"},"potentialAction":[{"@type":"SearchAction","target":{"@type":"EntryPoint","urlTemplate":"https:\/\/egn.com\/se\/?s={search_term_string}"},"query-input":{"@type":"PropertyValueSpecification","valueRequired":true,"valueName":"search_term_string"}}],"inLanguage":"sv-SE"},{"@type":"Organization","@id":"https:\/\/egn.com\/se\/#organization","name":"EGN Sverige","alternateName":"EGN","url":"https:\/\/egn.com\/se\/","logo":{"@type":"ImageObject","inLanguage":"sv-SE","@id":"https:\/\/egn.com\/se\/#\/schema\/logo\/image\/","url":"https:\/\/egn.com\/se\/wp-content\/uploads\/sites\/6\/2026\/02\/EGN.png","contentUrl":"https:\/\/egn.com\/se\/wp-content\/uploads\/sites\/6\/2026\/02\/EGN.png","width":2185,"height":699,"caption":"EGN Sverige"},"image":{"@id":"https:\/\/egn.com\/se\/#\/schema\/logo\/image\/"},"sameAs":["https:\/\/www.facebook.com\/egnsverige\/","https:\/\/www.instagram.com\/egnsverige","https:\/\/www.linkedin.com\/company\/executives-global-network"],"description":"EGN Sverige \u00e4r Sveriges st\u00f6rsta kompetensn\u00e4tverk f\u00f6r chefer och ledare som vill utveckla sitt ledarskap. Vi jobbar f\u00f6r att chefer och ledare tillsammans ska utvecklas och hj\u00e4lpa varandra med de utmaningar som man st\u00f6ter p\u00e5 i sin profession.","email":"info@egn.se","telephone":"+468210722","vatID":"556739-7905"},{"@type":"Person","@id":"https:\/\/egn.com\/se\/#\/schema\/person\/3da3209858548246e07549b3214acdf3","name":"teddywestlund","image":{"@type":"ImageObject","inLanguage":"sv-SE","@id":"https:\/\/secure.gravatar.com\/avatar\/3f51ca2bf516f332935d1c454b54add3cb558a0e74cbe71dbdb762ac63d44e80?s=96&d=mm&r=g","url":"https:\/\/secure.gravatar.com\/avatar\/3f51ca2bf516f332935d1c454b54add3cb558a0e74cbe71dbdb762ac63d44e80?s=96&d=mm&r=g","contentUrl":"https:\/\/secure.gravatar.com\/avatar\/3f51ca2bf516f332935d1c454b54add3cb558a0e74cbe71dbdb762ac63d44e80?s=96&d=mm&r=g","caption":"teddywestlund"},"url":"https:\/\/egn.com\/se\/author\/teddywestlund\/"}]}},"_links":{"self":[{"href":"https:\/\/egn.com\/se\/wp-json\/wp\/v2\/posts\/1161","targetHints":{"allow":["GET"]}}],"collection":[{"href":"https:\/\/egn.com\/se\/wp-json\/wp\/v2\/posts"}],"about":[{"href":"https:\/\/egn.com\/se\/wp-json\/wp\/v2\/types\/post"}],"author":[{"embeddable":true,"href":"https:\/\/egn.com\/se\/wp-json\/wp\/v2\/users\/36"}],"replies":[{"embeddable":true,"href":"https:\/\/egn.com\/se\/wp-json\/wp\/v2\/comments?post=1161"}],"version-history":[{"count":0,"href":"https:\/\/egn.com\/se\/wp-json\/wp\/v2\/posts\/1161\/revisions"}],"wp:featuredmedia":[{"embeddable":true,"href":"https:\/\/egn.com\/se\/wp-json\/wp\/v2\/media\/1162"}],"wp:attachment":[{"href":"https:\/\/egn.com\/se\/wp-json\/wp\/v2\/media?parent=1161"}],"wp:term":[{"taxonomy":"category","embeddable":true,"href":"https:\/\/egn.com\/se\/wp-json\/wp\/v2\/categories?post=1161"},{"taxonomy":"post_tag","embeddable":true,"href":"https:\/\/egn.com\/se\/wp-json\/wp\/v2\/tags?post=1161"}],"curies":[{"name":"wp","href":"https:\/\/api.w.org\/{rel}","templated":true}]}}