{"id":1177,"date":"2017-07-26T11:18:13","date_gmt":"2017-07-26T09:18:13","guid":{"rendered":"https:\/\/egn.com\/se\/?p=1177"},"modified":"2020-10-09T13:06:09","modified_gmt":"2020-10-09T11:06:09","slug":"utan-struktur-frigors-inte-visionen","status":"publish","type":"post","link":"https:\/\/egn.com\/se\/utan-struktur-frigors-inte-visionen\/","title":{"rendered":"Utan struktur frig\u00f6rs inte visionen"},"content":{"rendered":"<h1 class=\"main-title\">Utan vision &#8211; ingen framtid.\u00a0Utan m\u00e5l &#8211; ingen r\u00f6relse.<\/h1>\n<div class=\"col-md-8\">\n<div class=\"node__content\">\n<div class=\"col-md-8\">\n<div class=\"node__content\">\n<p>Men ingen av dessa \u00f6verlever utan struktur. Den som tror att visionen n\u00e5r genomslag i kraft av sitt eget v\u00e4rde har fel.<\/p>\n<p>Struktur \u00e4ts upp i en munsbit av vision och dr\u00f6mmar. Den har inget egensyfte. Den levererar inget v\u00e4rde till vare sig \u00e4gare, andra intressenter eller till dig som person.<\/p>\n<p>Alla kan bli lyckliga \u00f6ver god ordning och genomt\u00e4nkta processer men de \u00e4r livl\u00f6sa om de inte s\u00e4tts i sitt sammanhang. Men en sak \u00e4r s\u00e4ker: Med ett samspel blir det en \u201dperfect match\u201d.<\/p>\n<p>Vision\u00e4ren m\u00e5lar en bild av vad som \u00e4r den djupaste meningen med verksamheten. K\u00e4nslan \u00e4r med. Vision g\u00e5r inte att ta p\u00e5 \u2013 den beh\u00f6ver tankerymd.<\/p>\n<p><strong>Kommunikation\u00a0avg\u00f6r\u00a0budskapet<\/strong><br \/>\nDen kommunikativa f\u00f6rm\u00e5gan avg\u00f6r om budskapet n\u00e5r fram. Alla k\u00e4nner av om det \u00e4r p\u00e5 riktigt, om den som f\u00f6rmedlar budskapet inte bara s\u00e4ger, utan ocks\u00e5 st\u00e5r f\u00f6r visionen \u2013 och framf\u00f6r allt t\u00e4nker stort om den. Medarbetarna v\u00e4rderar och tar st\u00e4llning.<\/p>\n<blockquote><p>Min erfarenhet \u00e4r att f\u00f6rv\u00e5nandsv\u00e4rt m\u00e5nga f\u00f6rh\u00e5ller sig distanserat till visioner.<\/p><\/blockquote>\n<p>Unders\u00f6kningar* visar att en majoritet f\u00f6rh\u00e5ller sig avvaktande, att 11 procent \u00e4r aktivt oengagerade och att 16 procent \u00e4r engagerade och blir visionsb\u00e4rare.<\/p>\n<p>Min erfarenhet \u00e4r att f\u00f6rv\u00e5nandsv\u00e4rt m\u00e5nga f\u00f6rh\u00e5ller sig distanserat till visioner. \u00a0Det \u00e4r m\u00e4rkbart ocks\u00e5 i ett f\u00f6retags h\u00f6gsta ledning. Man kan tycka att d\u00e4r borde den ha stor plats och tas fram ofta som argument i strategidiskussioner och beslutsprocesser \u2013 men inte.<\/p>\n<p><strong>Vi\u00a0beh\u00f6ver\u00a0flera vision\u00e4ra ledare<\/strong><br \/>\n\u00c4r visionen f\u00f6r h\u00f6gtflygande, formuleringen ogripbar eller saknar vi vision\u00e4rt ledarskap i v\u00e5rt land? Vad \u00e4r det som g\u00f6r att visionen inte s\u00e4tts i det sammanhang som den r\u00e4tteligen borde? Den \u00e4r ju urkraften till verksamhetens utveckling och borde f\u00e5 stor uppm\u00e4rksamhet.<\/p>\n<blockquote><p>S\u00e4g den om och om igen. L\u00e5t den jobba mellan hj\u00e4rna, mage och hj\u00e4rta. Det \u00e4r alltid d\u00e4r strukturen b\u00f6rjar \u2013 inom oss.<\/p><\/blockquote>\n<p>Vi beh\u00f6ver entrepren\u00f6rer och innovat\u00f6rer som v\u00e5gar ta steget att f\u00f6rverkliga sina dr\u00f6mmar \u2013 men vi beh\u00f6ver ocks\u00e5 m\u00e5nga flera vision\u00e4ra ledare som drivs av att uppn\u00e5 n\u00e5got som \u00e4r st\u00f6rre \u00e4n verksamhetens id\u00e9 och m\u00e5l. Som f\u00f6rst\u00e5r att visionen \u00e4r urkraften till verksamhetens ber\u00e4ttigande och utveckling och har potential att lyfta verksamheten en niv\u00e5 till.<\/p>\n<p>Hur f\u00e5r man visionen att etablera sig som en h\u00f6rnsten i verksamhetens kulturbyggande?<\/p>\n<p>F\u00f6rst, best\u00e4m dig f\u00f6r om du tror att den kan lyfta verksamheten en niv\u00e5 till. Var \u00e4kta, st\u00e5r du f\u00f6r den och t\u00e4nker du stort om den? Om det \u00e4r din \u00f6vertygelse \u2013 l\u00e5t inte visionen f\u00f6rbli n\u00e5gra v\u00e4lformulerade rader. S\u00e4g den om och om igen. L\u00e5t den jobba mellan hj\u00e4rna, mage och hj\u00e4rta. Det \u00e4r alltid d\u00e4r strukturen b\u00f6rjar \u2013 inom oss.<\/p>\n<p>*Gallup 2013<\/p>\n<\/div>\n<p>&#8211; Jan Liljero<\/p>\n<\/div>\n<\/div>\n<\/div>\n","protected":false},"excerpt":{"rendered":"<p>Min erfarenhet \u00e4r att f\u00f6rv\u00e5nandsv\u00e4rt m\u00e5nga f\u00f6rh\u00e5ller sig distanserat till visioner. \u00a0Det \u00e4r m\u00e4rkbart ocks\u00e5 i ett f\u00f6retags h\u00f6gsta ledning.<\/p>\n","protected":false},"author":36,"featured_media":1178,"comment_status":"closed","ping_status":"open","sticky":false,"template":"","format":"standard","meta":{"_acf_changed":false,"footnotes":""},"categories":[11],"tags":[],"class_list":["post-1177","post","type-post","status-publish","format-standard","has-post-thumbnail","hentry","category-insights"],"acf":[],"yoast_head":"<title>Utan struktur frig\u00f6rs inte visionen | EGN Sverige<\/title>\n<meta name=\"description\" content=\"EGN Sverige skriver artiklar och kr\u00f6nikor f\u00f6r att l\u00e5ta dig inspireras till att v\u00e4xa som chef och ledare. Tillsammans g\u00f6r vi varandra b\u00e4ttre genom generositet, gl\u00e4dje, energi och tillit.\" \/>\n<meta name=\"robots\" content=\"index, follow, max-snippet:-1, max-image-preview:large, max-video-preview:-1\" \/>\n<link rel=\"canonical\" href=\"https:\/\/egn.com\/se\/utan-struktur-frigors-inte-visionen\/\" \/>\n<meta property=\"og:locale\" content=\"sv_SE\" \/>\n<meta property=\"og:type\" content=\"article\" \/>\n<meta property=\"og:title\" content=\"Utan struktur frig\u00f6rs inte visionen\" \/>\n<meta property=\"og:description\" content=\"Min erfarenhet \u00e4r att f\u00f6rv\u00e5nandsv\u00e4rt m\u00e5nga f\u00f6rh\u00e5ller sig distanserat till visioner. \u00a0Det \u00e4r m\u00e4rkbart ocks\u00e5 i ett f\u00f6retags h\u00f6gsta ledning.\" \/>\n<meta property=\"og:url\" content=\"https:\/\/egn.com\/se\/utan-struktur-frigors-inte-visionen\/\" \/>\n<meta property=\"og:site_name\" content=\"EGN Sverige\" \/>\n<meta property=\"article:publisher\" content=\"https:\/\/www.facebook.com\/egnsverige\/\" \/>\n<meta property=\"article:published_time\" content=\"2017-07-26T09:18:13+00:00\" \/>\n<meta property=\"article:modified_time\" content=\"2020-10-09T11:06:09+00:00\" \/>\n<meta property=\"og:image\" content=\"https:\/\/egn.com\/se\/wp-content\/uploads\/sites\/6\/2020\/08\/rob-bye-145060.jpg\" \/>\n\t<meta property=\"og:image:width\" content=\"1140\" \/>\n\t<meta property=\"og:image:height\" content=\"480\" \/>\n\t<meta property=\"og:image:type\" content=\"image\/jpeg\" \/>\n<meta name=\"author\" content=\"teddywestlund\" \/>\n<meta name=\"twitter:card\" content=\"summary_large_image\" \/>\n<meta name=\"twitter:label1\" content=\"Skriven av\" \/>\n\t<meta name=\"twitter:data1\" content=\"teddywestlund\" \/>\n\t<meta name=\"twitter:label2\" content=\"Ber\u00e4knad l\u00e4stid\" \/>\n\t<meta name=\"twitter:data2\" content=\"3 minuter\" \/>\n<script type=\"application\/ld+json\" class=\"yoast-schema-graph\">{\"@context\":\"https:\\\/\\\/schema.org\",\"@graph\":[{\"@type\":\"Article\",\"@id\":\"https:\\\/\\\/egn.com\\\/se\\\/utan-struktur-frigors-inte-visionen\\\/#article\",\"isPartOf\":{\"@id\":\"https:\\\/\\\/egn.com\\\/se\\\/utan-struktur-frigors-inte-visionen\\\/\"},\"author\":{\"name\":\"teddywestlund\",\"@id\":\"https:\\\/\\\/egn.com\\\/se\\\/#\\\/schema\\\/person\\\/3da3209858548246e07549b3214acdf3\"},\"headline\":\"Utan struktur frig\u00f6rs inte visionen\",\"datePublished\":\"2017-07-26T09:18:13+00:00\",\"dateModified\":\"2020-10-09T11:06:09+00:00\",\"mainEntityOfPage\":{\"@id\":\"https:\\\/\\\/egn.com\\\/se\\\/utan-struktur-frigors-inte-visionen\\\/\"},\"wordCount\":544,\"publisher\":{\"@id\":\"https:\\\/\\\/egn.com\\\/se\\\/#organization\"},\"image\":{\"@id\":\"https:\\\/\\\/egn.com\\\/se\\\/utan-struktur-frigors-inte-visionen\\\/#primaryimage\"},\"thumbnailUrl\":\"https:\\\/\\\/egn.com\\\/se\\\/wp-content\\\/uploads\\\/sites\\\/6\\\/2020\\\/08\\\/rob-bye-145060.jpg\",\"articleSection\":[\"Insights\"],\"inLanguage\":\"sv-SE\"},{\"@type\":\"WebPage\",\"@id\":\"https:\\\/\\\/egn.com\\\/se\\\/utan-struktur-frigors-inte-visionen\\\/\",\"url\":\"https:\\\/\\\/egn.com\\\/se\\\/utan-struktur-frigors-inte-visionen\\\/\",\"name\":\"Utan struktur frig\u00f6rs inte visionen | EGN Sverige\",\"isPartOf\":{\"@id\":\"https:\\\/\\\/egn.com\\\/se\\\/#website\"},\"primaryImageOfPage\":{\"@id\":\"https:\\\/\\\/egn.com\\\/se\\\/utan-struktur-frigors-inte-visionen\\\/#primaryimage\"},\"image\":{\"@id\":\"https:\\\/\\\/egn.com\\\/se\\\/utan-struktur-frigors-inte-visionen\\\/#primaryimage\"},\"thumbnailUrl\":\"https:\\\/\\\/egn.com\\\/se\\\/wp-content\\\/uploads\\\/sites\\\/6\\\/2020\\\/08\\\/rob-bye-145060.jpg\",\"datePublished\":\"2017-07-26T09:18:13+00:00\",\"dateModified\":\"2020-10-09T11:06:09+00:00\",\"description\":\"EGN Sverige skriver artiklar och kr\u00f6nikor f\u00f6r att l\u00e5ta dig inspireras till att v\u00e4xa som chef och ledare. Tillsammans g\u00f6r vi varandra b\u00e4ttre genom generositet, gl\u00e4dje, energi och tillit.\",\"breadcrumb\":{\"@id\":\"https:\\\/\\\/egn.com\\\/se\\\/utan-struktur-frigors-inte-visionen\\\/#breadcrumb\"},\"inLanguage\":\"sv-SE\",\"potentialAction\":[{\"@type\":\"ReadAction\",\"target\":[\"https:\\\/\\\/egn.com\\\/se\\\/utan-struktur-frigors-inte-visionen\\\/\"]}]},{\"@type\":\"ImageObject\",\"inLanguage\":\"sv-SE\",\"@id\":\"https:\\\/\\\/egn.com\\\/se\\\/utan-struktur-frigors-inte-visionen\\\/#primaryimage\",\"url\":\"https:\\\/\\\/egn.com\\\/se\\\/wp-content\\\/uploads\\\/sites\\\/6\\\/2020\\\/08\\\/rob-bye-145060.jpg\",\"contentUrl\":\"https:\\\/\\\/egn.com\\\/se\\\/wp-content\\\/uploads\\\/sites\\\/6\\\/2020\\\/08\\\/rob-bye-145060.jpg\",\"width\":1140,\"height\":480},{\"@type\":\"BreadcrumbList\",\"@id\":\"https:\\\/\\\/egn.com\\\/se\\\/utan-struktur-frigors-inte-visionen\\\/#breadcrumb\",\"itemListElement\":[{\"@type\":\"ListItem\",\"position\":1,\"name\":\"Hem\",\"item\":\"https:\\\/\\\/egn.com\\\/se\\\/\"},{\"@type\":\"ListItem\",\"position\":2,\"name\":\"Utan struktur frig\u00f6rs inte visionen\"}]},{\"@type\":\"WebSite\",\"@id\":\"https:\\\/\\\/egn.com\\\/se\\\/#website\",\"url\":\"https:\\\/\\\/egn.com\\\/se\\\/\",\"name\":\"EGN Sverige\",\"description\":\"Professionella n\u00e4tverk f\u00f6r ledare och specialister\",\"publisher\":{\"@id\":\"https:\\\/\\\/egn.com\\\/se\\\/#organization\"},\"potentialAction\":[{\"@type\":\"SearchAction\",\"target\":{\"@type\":\"EntryPoint\",\"urlTemplate\":\"https:\\\/\\\/egn.com\\\/se\\\/?s={search_term_string}\"},\"query-input\":{\"@type\":\"PropertyValueSpecification\",\"valueRequired\":true,\"valueName\":\"search_term_string\"}}],\"inLanguage\":\"sv-SE\"},{\"@type\":\"Organization\",\"@id\":\"https:\\\/\\\/egn.com\\\/se\\\/#organization\",\"name\":\"EGN Sverige\",\"alternateName\":\"EGN\",\"url\":\"https:\\\/\\\/egn.com\\\/se\\\/\",\"logo\":{\"@type\":\"ImageObject\",\"inLanguage\":\"sv-SE\",\"@id\":\"https:\\\/\\\/egn.com\\\/se\\\/#\\\/schema\\\/logo\\\/image\\\/\",\"url\":\"https:\\\/\\\/egn.com\\\/se\\\/wp-content\\\/uploads\\\/sites\\\/6\\\/2026\\\/02\\\/EGN.png\",\"contentUrl\":\"https:\\\/\\\/egn.com\\\/se\\\/wp-content\\\/uploads\\\/sites\\\/6\\\/2026\\\/02\\\/EGN.png\",\"width\":2185,\"height\":699,\"caption\":\"EGN Sverige\"},\"image\":{\"@id\":\"https:\\\/\\\/egn.com\\\/se\\\/#\\\/schema\\\/logo\\\/image\\\/\"},\"sameAs\":[\"https:\\\/\\\/www.facebook.com\\\/egnsverige\\\/\",\"https:\\\/\\\/www.instagram.com\\\/egnsverige\",\"https:\\\/\\\/www.linkedin.com\\\/company\\\/executives-global-network\"],\"description\":\"EGN Sverige \u00e4r Sveriges st\u00f6rsta kompetensn\u00e4tverk f\u00f6r chefer och ledare som vill utveckla sitt ledarskap. Vi jobbar f\u00f6r att chefer och ledare tillsammans ska utvecklas och hj\u00e4lpa varandra med de utmaningar som man st\u00f6ter p\u00e5 i sin profession.\",\"email\":\"info@egn.se\",\"telephone\":\"+468210722\",\"vatID\":\"556739-7905\"},{\"@type\":\"Person\",\"@id\":\"https:\\\/\\\/egn.com\\\/se\\\/#\\\/schema\\\/person\\\/3da3209858548246e07549b3214acdf3\",\"name\":\"teddywestlund\",\"image\":{\"@type\":\"ImageObject\",\"inLanguage\":\"sv-SE\",\"@id\":\"https:\\\/\\\/secure.gravatar.com\\\/avatar\\\/3f51ca2bf516f332935d1c454b54add3cb558a0e74cbe71dbdb762ac63d44e80?s=96&d=mm&r=g\",\"url\":\"https:\\\/\\\/secure.gravatar.com\\\/avatar\\\/3f51ca2bf516f332935d1c454b54add3cb558a0e74cbe71dbdb762ac63d44e80?s=96&d=mm&r=g\",\"contentUrl\":\"https:\\\/\\\/secure.gravatar.com\\\/avatar\\\/3f51ca2bf516f332935d1c454b54add3cb558a0e74cbe71dbdb762ac63d44e80?s=96&d=mm&r=g\",\"caption\":\"teddywestlund\"},\"url\":\"https:\\\/\\\/egn.com\\\/se\\\/author\\\/teddywestlund\\\/\"}]}<\/script>","yoast_head_json":{"title":"Utan struktur frig\u00f6rs inte visionen | EGN Sverige","description":"EGN Sverige skriver artiklar och kr\u00f6nikor f\u00f6r att l\u00e5ta dig inspireras till att v\u00e4xa som chef och ledare. Tillsammans g\u00f6r vi varandra b\u00e4ttre genom generositet, gl\u00e4dje, energi och tillit.","robots":{"index":"index","follow":"follow","max-snippet":"max-snippet:-1","max-image-preview":"max-image-preview:large","max-video-preview":"max-video-preview:-1"},"canonical":"https:\/\/egn.com\/se\/utan-struktur-frigors-inte-visionen\/","og_locale":"sv_SE","og_type":"article","og_title":"Utan struktur frig\u00f6rs inte visionen","og_description":"Min erfarenhet \u00e4r att f\u00f6rv\u00e5nandsv\u00e4rt m\u00e5nga f\u00f6rh\u00e5ller sig distanserat till visioner. \u00a0Det \u00e4r m\u00e4rkbart ocks\u00e5 i ett f\u00f6retags h\u00f6gsta ledning.","og_url":"https:\/\/egn.com\/se\/utan-struktur-frigors-inte-visionen\/","og_site_name":"EGN Sverige","article_publisher":"https:\/\/www.facebook.com\/egnsverige\/","article_published_time":"2017-07-26T09:18:13+00:00","article_modified_time":"2020-10-09T11:06:09+00:00","og_image":[{"width":1140,"height":480,"url":"https:\/\/egn.com\/se\/wp-content\/uploads\/sites\/6\/2020\/08\/rob-bye-145060.jpg","type":"image\/jpeg"}],"author":"teddywestlund","twitter_card":"summary_large_image","twitter_misc":{"Skriven av":"teddywestlund","Ber\u00e4knad l\u00e4stid":"3 minuter"},"schema":{"@context":"https:\/\/schema.org","@graph":[{"@type":"Article","@id":"https:\/\/egn.com\/se\/utan-struktur-frigors-inte-visionen\/#article","isPartOf":{"@id":"https:\/\/egn.com\/se\/utan-struktur-frigors-inte-visionen\/"},"author":{"name":"teddywestlund","@id":"https:\/\/egn.com\/se\/#\/schema\/person\/3da3209858548246e07549b3214acdf3"},"headline":"Utan struktur frig\u00f6rs inte visionen","datePublished":"2017-07-26T09:18:13+00:00","dateModified":"2020-10-09T11:06:09+00:00","mainEntityOfPage":{"@id":"https:\/\/egn.com\/se\/utan-struktur-frigors-inte-visionen\/"},"wordCount":544,"publisher":{"@id":"https:\/\/egn.com\/se\/#organization"},"image":{"@id":"https:\/\/egn.com\/se\/utan-struktur-frigors-inte-visionen\/#primaryimage"},"thumbnailUrl":"https:\/\/egn.com\/se\/wp-content\/uploads\/sites\/6\/2020\/08\/rob-bye-145060.jpg","articleSection":["Insights"],"inLanguage":"sv-SE"},{"@type":"WebPage","@id":"https:\/\/egn.com\/se\/utan-struktur-frigors-inte-visionen\/","url":"https:\/\/egn.com\/se\/utan-struktur-frigors-inte-visionen\/","name":"Utan struktur frig\u00f6rs inte visionen | EGN Sverige","isPartOf":{"@id":"https:\/\/egn.com\/se\/#website"},"primaryImageOfPage":{"@id":"https:\/\/egn.com\/se\/utan-struktur-frigors-inte-visionen\/#primaryimage"},"image":{"@id":"https:\/\/egn.com\/se\/utan-struktur-frigors-inte-visionen\/#primaryimage"},"thumbnailUrl":"https:\/\/egn.com\/se\/wp-content\/uploads\/sites\/6\/2020\/08\/rob-bye-145060.jpg","datePublished":"2017-07-26T09:18:13+00:00","dateModified":"2020-10-09T11:06:09+00:00","description":"EGN Sverige skriver artiklar och kr\u00f6nikor f\u00f6r att l\u00e5ta dig inspireras till att v\u00e4xa som chef och ledare. Tillsammans g\u00f6r vi varandra b\u00e4ttre genom generositet, gl\u00e4dje, energi och tillit.","breadcrumb":{"@id":"https:\/\/egn.com\/se\/utan-struktur-frigors-inte-visionen\/#breadcrumb"},"inLanguage":"sv-SE","potentialAction":[{"@type":"ReadAction","target":["https:\/\/egn.com\/se\/utan-struktur-frigors-inte-visionen\/"]}]},{"@type":"ImageObject","inLanguage":"sv-SE","@id":"https:\/\/egn.com\/se\/utan-struktur-frigors-inte-visionen\/#primaryimage","url":"https:\/\/egn.com\/se\/wp-content\/uploads\/sites\/6\/2020\/08\/rob-bye-145060.jpg","contentUrl":"https:\/\/egn.com\/se\/wp-content\/uploads\/sites\/6\/2020\/08\/rob-bye-145060.jpg","width":1140,"height":480},{"@type":"BreadcrumbList","@id":"https:\/\/egn.com\/se\/utan-struktur-frigors-inte-visionen\/#breadcrumb","itemListElement":[{"@type":"ListItem","position":1,"name":"Hem","item":"https:\/\/egn.com\/se\/"},{"@type":"ListItem","position":2,"name":"Utan struktur frig\u00f6rs inte visionen"}]},{"@type":"WebSite","@id":"https:\/\/egn.com\/se\/#website","url":"https:\/\/egn.com\/se\/","name":"EGN Sverige","description":"Professionella n\u00e4tverk f\u00f6r ledare och specialister","publisher":{"@id":"https:\/\/egn.com\/se\/#organization"},"potentialAction":[{"@type":"SearchAction","target":{"@type":"EntryPoint","urlTemplate":"https:\/\/egn.com\/se\/?s={search_term_string}"},"query-input":{"@type":"PropertyValueSpecification","valueRequired":true,"valueName":"search_term_string"}}],"inLanguage":"sv-SE"},{"@type":"Organization","@id":"https:\/\/egn.com\/se\/#organization","name":"EGN Sverige","alternateName":"EGN","url":"https:\/\/egn.com\/se\/","logo":{"@type":"ImageObject","inLanguage":"sv-SE","@id":"https:\/\/egn.com\/se\/#\/schema\/logo\/image\/","url":"https:\/\/egn.com\/se\/wp-content\/uploads\/sites\/6\/2026\/02\/EGN.png","contentUrl":"https:\/\/egn.com\/se\/wp-content\/uploads\/sites\/6\/2026\/02\/EGN.png","width":2185,"height":699,"caption":"EGN Sverige"},"image":{"@id":"https:\/\/egn.com\/se\/#\/schema\/logo\/image\/"},"sameAs":["https:\/\/www.facebook.com\/egnsverige\/","https:\/\/www.instagram.com\/egnsverige","https:\/\/www.linkedin.com\/company\/executives-global-network"],"description":"EGN Sverige \u00e4r Sveriges st\u00f6rsta kompetensn\u00e4tverk f\u00f6r chefer och ledare som vill utveckla sitt ledarskap. Vi jobbar f\u00f6r att chefer och ledare tillsammans ska utvecklas och hj\u00e4lpa varandra med de utmaningar som man st\u00f6ter p\u00e5 i sin profession.","email":"info@egn.se","telephone":"+468210722","vatID":"556739-7905"},{"@type":"Person","@id":"https:\/\/egn.com\/se\/#\/schema\/person\/3da3209858548246e07549b3214acdf3","name":"teddywestlund","image":{"@type":"ImageObject","inLanguage":"sv-SE","@id":"https:\/\/secure.gravatar.com\/avatar\/3f51ca2bf516f332935d1c454b54add3cb558a0e74cbe71dbdb762ac63d44e80?s=96&d=mm&r=g","url":"https:\/\/secure.gravatar.com\/avatar\/3f51ca2bf516f332935d1c454b54add3cb558a0e74cbe71dbdb762ac63d44e80?s=96&d=mm&r=g","contentUrl":"https:\/\/secure.gravatar.com\/avatar\/3f51ca2bf516f332935d1c454b54add3cb558a0e74cbe71dbdb762ac63d44e80?s=96&d=mm&r=g","caption":"teddywestlund"},"url":"https:\/\/egn.com\/se\/author\/teddywestlund\/"}]}},"_links":{"self":[{"href":"https:\/\/egn.com\/se\/wp-json\/wp\/v2\/posts\/1177","targetHints":{"allow":["GET"]}}],"collection":[{"href":"https:\/\/egn.com\/se\/wp-json\/wp\/v2\/posts"}],"about":[{"href":"https:\/\/egn.com\/se\/wp-json\/wp\/v2\/types\/post"}],"author":[{"embeddable":true,"href":"https:\/\/egn.com\/se\/wp-json\/wp\/v2\/users\/36"}],"replies":[{"embeddable":true,"href":"https:\/\/egn.com\/se\/wp-json\/wp\/v2\/comments?post=1177"}],"version-history":[{"count":0,"href":"https:\/\/egn.com\/se\/wp-json\/wp\/v2\/posts\/1177\/revisions"}],"wp:featuredmedia":[{"embeddable":true,"href":"https:\/\/egn.com\/se\/wp-json\/wp\/v2\/media\/1178"}],"wp:attachment":[{"href":"https:\/\/egn.com\/se\/wp-json\/wp\/v2\/media?parent=1177"}],"wp:term":[{"taxonomy":"category","embeddable":true,"href":"https:\/\/egn.com\/se\/wp-json\/wp\/v2\/categories?post=1177"},{"taxonomy":"post_tag","embeddable":true,"href":"https:\/\/egn.com\/se\/wp-json\/wp\/v2\/tags?post=1177"}],"curies":[{"name":"wp","href":"https:\/\/api.w.org\/{rel}","templated":true}]}}