{"id":1180,"date":"2017-08-01T11:30:23","date_gmt":"2017-08-01T09:30:23","guid":{"rendered":"https:\/\/egn.com\/se\/?p=1180"},"modified":"2020-10-09T13:06:09","modified_gmt":"2020-10-09T11:06:09","slug":"forskning-i-en-alltmer-komplex-tillvaro","status":"publish","type":"post","link":"https:\/\/egn.com\/se\/forskning-i-en-alltmer-komplex-tillvaro\/","title":{"rendered":"Forskning i en alltmer komplex tillvaro"},"content":{"rendered":"<h1 class=\"main-title\">En tidig morgon m\u00f6ts en grupp vice vd:ar<\/h1>\n<div class=\"col-md-8\">\n<div class=\"node__content\">\n<div class=\"col-md-8\">\n<div class=\"node__content\">\n<p>John Rune Nielsen, aff\u00e4rsutvecklingsdirekt\u00f6r p\u00e5 RISE, m\u00f6ter oss i receptionen och vi g\u00e5r i samlad trupp upp till konferensrummet. M\u00f6tesledare \u00c5sa Lindell fr\u00e5n EGN och John h\u00e4lsar oss v\u00e4lkomna och vi b\u00f6rjar med en sedvanlig incheckning d\u00e4r vi pratar om vem vi inspireras av f\u00f6r tillf\u00e4llet.<\/p>\n<p>Vi \u00e4r ett femtontal deltagare som arbetar p\u00e5 bolag som bland andra Autoliv, H &amp;M Online, Schenker och Volvo Penta.<\/p>\n<p>Efter incheckningen sammanfattar \u00c5sa f\u00f6reg\u00e5ende m\u00f6te med temat \u201dMotivationsteori och Self Determination Theory\u201d. Hon ber\u00e4ttar kort om modellen och de tre psykologiska behov som skapar inre motivation och d\u00e4rmed leder till prestation; Kompetens \u2013 Autonomi \u2013 Tillh\u00f6righet, och tar exempel fr\u00e5n Collector och Lars Lagerb\u00e4cks arbete med Islands landslag i fotboll. D\u00e4refter f\u00f6ljer reflektion och diskussion i mindre grupper.<\/p>\n<p><strong>En f\u00f6r\u00e4nderlig v\u00e4rld av\u00a0nya branscher<\/strong><br \/>\nDet blir dags f\u00f6r en benstr\u00e4ckare, deltagarna minglar och bjuds p\u00e5 kaffe och fralla. N\u00e4r vi \u00e5terigen samlas k\u00f6r John en dragning om Rise, som st\u00e5r f\u00f6r en sp\u00e4nnande varum\u00e4rkesresa efter sammanslagningen.<\/p>\n<blockquote><p>Som samlad institutssektor fokuserar vi i dagsl\u00e4get p\u00e5 att f\u00e5 fram nya innovativa infrastrukturer<\/p><\/blockquote>\n<p>Det \u00e4r SP, Swedish ICT och Innventia som har g\u00e5tt samman f\u00f6r att skapa en samlad institutssektor och bli en starkare forsknings- och innovationspartner f\u00f6r n\u00e4ringsliv och samh\u00e4lle. Under 2017 byter fd SP Sveriges Tekniska Forskningsinstitut namn till Rise.<\/p>\n<p>John ger oss, bland annat, insyn i vad som forskas p\u00e5 och hur urvalet sker.<\/p>\n<p>&#8221;I en f\u00f6r\u00e4nderlig v\u00e4rld d\u00e4r nya branscher v\u00e4xer fram \u00e4r det inte sj\u00e4lvklart vilka projekt som ska prioriteras, utan vi arbetar med allm\u00e4n kompetensutveckling. Som samlad institutssektor fokuserar vi i dagsl\u00e4get p\u00e5 att f\u00e5 fram nya innovativa infrastrukturer som st\u00f6ttar n\u00e4ringslivet och samh\u00e4llets utmaningar och m\u00f6jligheter\u201d, ber\u00e4ttar John.<\/p>\n<blockquote><p>En allt mer komplex tillvaro innefattar allt st\u00f6rre risk- och s\u00e4kerhetsperspektiv<\/p><\/blockquote>\n<p><strong>En\u00a0mer komplex tillvaro<\/strong><br \/>\nMilj\u00f6, globalisering, klimatf\u00f6r\u00e4ndringar, digitalisering, risk och s\u00e4kerhet samt \u00e4ndrad demografi \u00e4r n\u00e5gra \u00f6vergripande trender man tittar n\u00e4rmare p\u00e5 genom att bedriva forskning inom omr\u00e5den som exempelvis h\u00e5llbara samh\u00e4llen och st\u00e4der, mobilitet, life science, digitalisering, energi och biobaserad ekonomi.<\/p>\n<p>&#8221;En allt mer komplex tillvaro innefattar allt st\u00f6rre risk- och s\u00e4kerhetsperspektiv, vilket i sin tur kr\u00e4ver en, i \u00f6kande grad, \u00e4nnu st\u00f6rre tv\u00e4rvetenskaplig l\u00f6sningsf\u00f6rm\u00e5ga \u00e4n tidigare\u201d, f\u00f6rklarar John.<\/p>\n<p>Efter f\u00f6retagspresentationen beger vi oss iv\u00e4g p\u00e5 rundvandring d\u00e4r vi f\u00e5r en guidad tur i \u201dTid- och frekvenslabbet\u201d samt i \u201dH\u00f6gsp\u00e4nningshallen\u201d.<\/p>\n<p>Vi l\u00e4r oss att \u201dRiksm\u00e4tplatsen&#8221; \u00e4r ett uppdrag fr\u00e5n regeringen att h\u00e5lla ordning p\u00e5 exempelvis tid och l\u00e4ngd och att just tid \u00e4r en extremt kritisk infrastruktur.<\/p>\n<p>Dagens m\u00f6te avslutas med gemensam lunch och n\u00e4sta g\u00e5ng ses gruppen hos HM d\u00e4r temat \u201dTrender inom retail\u201d kommer att st\u00e5 p\u00e5 agendan.<\/p>\n<\/div>\n<\/div>\n<\/div>\n<\/div>\n","protected":false},"excerpt":{"rendered":"<p>I en f\u00f6r\u00e4nderlig v\u00e4rld d\u00e4r nya branscher v\u00e4xer fram \u00e4r det inte sj\u00e4lvklart vilka projekt som ska prioriteras, utan vi arbetar med allm\u00e4n kompetensutveckling.<\/p>\n","protected":false},"author":36,"featured_media":1181,"comment_status":"closed","ping_status":"open","sticky":false,"template":"","format":"standard","meta":{"_acf_changed":false,"footnotes":""},"categories":[11],"tags":[],"class_list":["post-1180","post","type-post","status-publish","format-standard","has-post-thumbnail","hentry","category-insights"],"acf":[],"yoast_head":"<title>Forskning i en alltmer komplex tillvaro | EGN Sverige<\/title>\n<meta name=\"description\" content=\"EGN Sverige skriver artiklar och kr\u00f6nikor f\u00f6r att l\u00e5ta dig inspireras till att v\u00e4xa som chef och ledare. Tillsammans g\u00f6r vi varandra b\u00e4ttre genom generositet, gl\u00e4dje, energi och tillit.\" \/>\n<meta name=\"robots\" content=\"index, follow, max-snippet:-1, max-image-preview:large, max-video-preview:-1\" \/>\n<link rel=\"canonical\" href=\"https:\/\/egn.com\/se\/forskning-i-en-alltmer-komplex-tillvaro\/\" \/>\n<meta property=\"og:locale\" content=\"sv_SE\" \/>\n<meta property=\"og:type\" content=\"article\" \/>\n<meta property=\"og:title\" content=\"Forskning i en alltmer komplex tillvaro\" \/>\n<meta property=\"og:description\" content=\"I en f\u00f6r\u00e4nderlig v\u00e4rld d\u00e4r nya branscher v\u00e4xer fram \u00e4r det inte sj\u00e4lvklart vilka projekt som ska prioriteras, utan vi arbetar med allm\u00e4n kompetensutveckling.\" \/>\n<meta property=\"og:url\" content=\"https:\/\/egn.com\/se\/forskning-i-en-alltmer-komplex-tillvaro\/\" \/>\n<meta property=\"og:site_name\" content=\"EGN Sverige\" \/>\n<meta property=\"article:publisher\" content=\"https:\/\/www.facebook.com\/egnsverige\/\" \/>\n<meta property=\"article:published_time\" content=\"2017-08-01T09:30:23+00:00\" \/>\n<meta property=\"article:modified_time\" content=\"2020-10-09T11:06:09+00:00\" \/>\n<meta property=\"og:image\" content=\"https:\/\/egn.com\/se\/wp-content\/uploads\/sites\/6\/2020\/08\/nedslag_april-2.jpg\" \/>\n\t<meta property=\"og:image:width\" content=\"1140\" \/>\n\t<meta property=\"og:image:height\" content=\"480\" \/>\n\t<meta property=\"og:image:type\" content=\"image\/jpeg\" \/>\n<meta name=\"author\" content=\"teddywestlund\" \/>\n<meta name=\"twitter:card\" content=\"summary_large_image\" \/>\n<meta name=\"twitter:label1\" content=\"Skriven av\" \/>\n\t<meta name=\"twitter:data1\" content=\"teddywestlund\" \/>\n\t<meta name=\"twitter:label2\" content=\"Ber\u00e4knad l\u00e4stid\" \/>\n\t<meta name=\"twitter:data2\" content=\"3 minuter\" \/>\n<script type=\"application\/ld+json\" class=\"yoast-schema-graph\">{\"@context\":\"https:\\\/\\\/schema.org\",\"@graph\":[{\"@type\":\"Article\",\"@id\":\"https:\\\/\\\/egn.com\\\/se\\\/forskning-i-en-alltmer-komplex-tillvaro\\\/#article\",\"isPartOf\":{\"@id\":\"https:\\\/\\\/egn.com\\\/se\\\/forskning-i-en-alltmer-komplex-tillvaro\\\/\"},\"author\":{\"name\":\"teddywestlund\",\"@id\":\"https:\\\/\\\/egn.com\\\/se\\\/#\\\/schema\\\/person\\\/3da3209858548246e07549b3214acdf3\"},\"headline\":\"Forskning i en alltmer komplex tillvaro\",\"datePublished\":\"2017-08-01T09:30:23+00:00\",\"dateModified\":\"2020-10-09T11:06:09+00:00\",\"mainEntityOfPage\":{\"@id\":\"https:\\\/\\\/egn.com\\\/se\\\/forskning-i-en-alltmer-komplex-tillvaro\\\/\"},\"wordCount\":532,\"publisher\":{\"@id\":\"https:\\\/\\\/egn.com\\\/se\\\/#organization\"},\"image\":{\"@id\":\"https:\\\/\\\/egn.com\\\/se\\\/forskning-i-en-alltmer-komplex-tillvaro\\\/#primaryimage\"},\"thumbnailUrl\":\"https:\\\/\\\/egn.com\\\/se\\\/wp-content\\\/uploads\\\/sites\\\/6\\\/2020\\\/08\\\/nedslag_april-2.jpg\",\"articleSection\":[\"Insights\"],\"inLanguage\":\"sv-SE\"},{\"@type\":\"WebPage\",\"@id\":\"https:\\\/\\\/egn.com\\\/se\\\/forskning-i-en-alltmer-komplex-tillvaro\\\/\",\"url\":\"https:\\\/\\\/egn.com\\\/se\\\/forskning-i-en-alltmer-komplex-tillvaro\\\/\",\"name\":\"Forskning i en alltmer komplex tillvaro | EGN Sverige\",\"isPartOf\":{\"@id\":\"https:\\\/\\\/egn.com\\\/se\\\/#website\"},\"primaryImageOfPage\":{\"@id\":\"https:\\\/\\\/egn.com\\\/se\\\/forskning-i-en-alltmer-komplex-tillvaro\\\/#primaryimage\"},\"image\":{\"@id\":\"https:\\\/\\\/egn.com\\\/se\\\/forskning-i-en-alltmer-komplex-tillvaro\\\/#primaryimage\"},\"thumbnailUrl\":\"https:\\\/\\\/egn.com\\\/se\\\/wp-content\\\/uploads\\\/sites\\\/6\\\/2020\\\/08\\\/nedslag_april-2.jpg\",\"datePublished\":\"2017-08-01T09:30:23+00:00\",\"dateModified\":\"2020-10-09T11:06:09+00:00\",\"description\":\"EGN Sverige skriver artiklar och kr\u00f6nikor f\u00f6r att l\u00e5ta dig inspireras till att v\u00e4xa som chef och ledare. Tillsammans g\u00f6r vi varandra b\u00e4ttre genom generositet, gl\u00e4dje, energi och tillit.\",\"breadcrumb\":{\"@id\":\"https:\\\/\\\/egn.com\\\/se\\\/forskning-i-en-alltmer-komplex-tillvaro\\\/#breadcrumb\"},\"inLanguage\":\"sv-SE\",\"potentialAction\":[{\"@type\":\"ReadAction\",\"target\":[\"https:\\\/\\\/egn.com\\\/se\\\/forskning-i-en-alltmer-komplex-tillvaro\\\/\"]}]},{\"@type\":\"ImageObject\",\"inLanguage\":\"sv-SE\",\"@id\":\"https:\\\/\\\/egn.com\\\/se\\\/forskning-i-en-alltmer-komplex-tillvaro\\\/#primaryimage\",\"url\":\"https:\\\/\\\/egn.com\\\/se\\\/wp-content\\\/uploads\\\/sites\\\/6\\\/2020\\\/08\\\/nedslag_april-2.jpg\",\"contentUrl\":\"https:\\\/\\\/egn.com\\\/se\\\/wp-content\\\/uploads\\\/sites\\\/6\\\/2020\\\/08\\\/nedslag_april-2.jpg\",\"width\":1140,\"height\":480},{\"@type\":\"BreadcrumbList\",\"@id\":\"https:\\\/\\\/egn.com\\\/se\\\/forskning-i-en-alltmer-komplex-tillvaro\\\/#breadcrumb\",\"itemListElement\":[{\"@type\":\"ListItem\",\"position\":1,\"name\":\"Hem\",\"item\":\"https:\\\/\\\/egn.com\\\/se\\\/\"},{\"@type\":\"ListItem\",\"position\":2,\"name\":\"Forskning i en alltmer komplex tillvaro\"}]},{\"@type\":\"WebSite\",\"@id\":\"https:\\\/\\\/egn.com\\\/se\\\/#website\",\"url\":\"https:\\\/\\\/egn.com\\\/se\\\/\",\"name\":\"EGN Sverige\",\"description\":\"Professionella n\u00e4tverk f\u00f6r ledare och specialister\",\"publisher\":{\"@id\":\"https:\\\/\\\/egn.com\\\/se\\\/#organization\"},\"potentialAction\":[{\"@type\":\"SearchAction\",\"target\":{\"@type\":\"EntryPoint\",\"urlTemplate\":\"https:\\\/\\\/egn.com\\\/se\\\/?s={search_term_string}\"},\"query-input\":{\"@type\":\"PropertyValueSpecification\",\"valueRequired\":true,\"valueName\":\"search_term_string\"}}],\"inLanguage\":\"sv-SE\"},{\"@type\":\"Organization\",\"@id\":\"https:\\\/\\\/egn.com\\\/se\\\/#organization\",\"name\":\"EGN Sverige\",\"alternateName\":\"EGN\",\"url\":\"https:\\\/\\\/egn.com\\\/se\\\/\",\"logo\":{\"@type\":\"ImageObject\",\"inLanguage\":\"sv-SE\",\"@id\":\"https:\\\/\\\/egn.com\\\/se\\\/#\\\/schema\\\/logo\\\/image\\\/\",\"url\":\"https:\\\/\\\/egn.com\\\/se\\\/wp-content\\\/uploads\\\/sites\\\/6\\\/2026\\\/02\\\/EGN.png\",\"contentUrl\":\"https:\\\/\\\/egn.com\\\/se\\\/wp-content\\\/uploads\\\/sites\\\/6\\\/2026\\\/02\\\/EGN.png\",\"width\":2185,\"height\":699,\"caption\":\"EGN Sverige\"},\"image\":{\"@id\":\"https:\\\/\\\/egn.com\\\/se\\\/#\\\/schema\\\/logo\\\/image\\\/\"},\"sameAs\":[\"https:\\\/\\\/www.facebook.com\\\/egnsverige\\\/\",\"https:\\\/\\\/www.instagram.com\\\/egnsverige\",\"https:\\\/\\\/www.linkedin.com\\\/company\\\/executives-global-network\"],\"description\":\"EGN Sverige \u00e4r Sveriges st\u00f6rsta kompetensn\u00e4tverk f\u00f6r chefer och ledare som vill utveckla sitt ledarskap. Vi jobbar f\u00f6r att chefer och ledare tillsammans ska utvecklas och hj\u00e4lpa varandra med de utmaningar som man st\u00f6ter p\u00e5 i sin profession.\",\"email\":\"info@egn.se\",\"telephone\":\"+468210722\",\"vatID\":\"556739-7905\"},{\"@type\":\"Person\",\"@id\":\"https:\\\/\\\/egn.com\\\/se\\\/#\\\/schema\\\/person\\\/3da3209858548246e07549b3214acdf3\",\"name\":\"teddywestlund\",\"image\":{\"@type\":\"ImageObject\",\"inLanguage\":\"sv-SE\",\"@id\":\"https:\\\/\\\/secure.gravatar.com\\\/avatar\\\/3f51ca2bf516f332935d1c454b54add3cb558a0e74cbe71dbdb762ac63d44e80?s=96&d=mm&r=g\",\"url\":\"https:\\\/\\\/secure.gravatar.com\\\/avatar\\\/3f51ca2bf516f332935d1c454b54add3cb558a0e74cbe71dbdb762ac63d44e80?s=96&d=mm&r=g\",\"contentUrl\":\"https:\\\/\\\/secure.gravatar.com\\\/avatar\\\/3f51ca2bf516f332935d1c454b54add3cb558a0e74cbe71dbdb762ac63d44e80?s=96&d=mm&r=g\",\"caption\":\"teddywestlund\"},\"url\":\"https:\\\/\\\/egn.com\\\/se\\\/author\\\/teddywestlund\\\/\"}]}<\/script>","yoast_head_json":{"title":"Forskning i en alltmer komplex tillvaro | EGN Sverige","description":"EGN Sverige skriver artiklar och kr\u00f6nikor f\u00f6r att l\u00e5ta dig inspireras till att v\u00e4xa som chef och ledare. Tillsammans g\u00f6r vi varandra b\u00e4ttre genom generositet, gl\u00e4dje, energi och tillit.","robots":{"index":"index","follow":"follow","max-snippet":"max-snippet:-1","max-image-preview":"max-image-preview:large","max-video-preview":"max-video-preview:-1"},"canonical":"https:\/\/egn.com\/se\/forskning-i-en-alltmer-komplex-tillvaro\/","og_locale":"sv_SE","og_type":"article","og_title":"Forskning i en alltmer komplex tillvaro","og_description":"I en f\u00f6r\u00e4nderlig v\u00e4rld d\u00e4r nya branscher v\u00e4xer fram \u00e4r det inte sj\u00e4lvklart vilka projekt som ska prioriteras, utan vi arbetar med allm\u00e4n kompetensutveckling.","og_url":"https:\/\/egn.com\/se\/forskning-i-en-alltmer-komplex-tillvaro\/","og_site_name":"EGN Sverige","article_publisher":"https:\/\/www.facebook.com\/egnsverige\/","article_published_time":"2017-08-01T09:30:23+00:00","article_modified_time":"2020-10-09T11:06:09+00:00","og_image":[{"width":1140,"height":480,"url":"https:\/\/egn.com\/se\/wp-content\/uploads\/sites\/6\/2020\/08\/nedslag_april-2.jpg","type":"image\/jpeg"}],"author":"teddywestlund","twitter_card":"summary_large_image","twitter_misc":{"Skriven av":"teddywestlund","Ber\u00e4knad l\u00e4stid":"3 minuter"},"schema":{"@context":"https:\/\/schema.org","@graph":[{"@type":"Article","@id":"https:\/\/egn.com\/se\/forskning-i-en-alltmer-komplex-tillvaro\/#article","isPartOf":{"@id":"https:\/\/egn.com\/se\/forskning-i-en-alltmer-komplex-tillvaro\/"},"author":{"name":"teddywestlund","@id":"https:\/\/egn.com\/se\/#\/schema\/person\/3da3209858548246e07549b3214acdf3"},"headline":"Forskning i en alltmer komplex tillvaro","datePublished":"2017-08-01T09:30:23+00:00","dateModified":"2020-10-09T11:06:09+00:00","mainEntityOfPage":{"@id":"https:\/\/egn.com\/se\/forskning-i-en-alltmer-komplex-tillvaro\/"},"wordCount":532,"publisher":{"@id":"https:\/\/egn.com\/se\/#organization"},"image":{"@id":"https:\/\/egn.com\/se\/forskning-i-en-alltmer-komplex-tillvaro\/#primaryimage"},"thumbnailUrl":"https:\/\/egn.com\/se\/wp-content\/uploads\/sites\/6\/2020\/08\/nedslag_april-2.jpg","articleSection":["Insights"],"inLanguage":"sv-SE"},{"@type":"WebPage","@id":"https:\/\/egn.com\/se\/forskning-i-en-alltmer-komplex-tillvaro\/","url":"https:\/\/egn.com\/se\/forskning-i-en-alltmer-komplex-tillvaro\/","name":"Forskning i en alltmer komplex tillvaro | EGN Sverige","isPartOf":{"@id":"https:\/\/egn.com\/se\/#website"},"primaryImageOfPage":{"@id":"https:\/\/egn.com\/se\/forskning-i-en-alltmer-komplex-tillvaro\/#primaryimage"},"image":{"@id":"https:\/\/egn.com\/se\/forskning-i-en-alltmer-komplex-tillvaro\/#primaryimage"},"thumbnailUrl":"https:\/\/egn.com\/se\/wp-content\/uploads\/sites\/6\/2020\/08\/nedslag_april-2.jpg","datePublished":"2017-08-01T09:30:23+00:00","dateModified":"2020-10-09T11:06:09+00:00","description":"EGN Sverige skriver artiklar och kr\u00f6nikor f\u00f6r att l\u00e5ta dig inspireras till att v\u00e4xa som chef och ledare. Tillsammans g\u00f6r vi varandra b\u00e4ttre genom generositet, gl\u00e4dje, energi och tillit.","breadcrumb":{"@id":"https:\/\/egn.com\/se\/forskning-i-en-alltmer-komplex-tillvaro\/#breadcrumb"},"inLanguage":"sv-SE","potentialAction":[{"@type":"ReadAction","target":["https:\/\/egn.com\/se\/forskning-i-en-alltmer-komplex-tillvaro\/"]}]},{"@type":"ImageObject","inLanguage":"sv-SE","@id":"https:\/\/egn.com\/se\/forskning-i-en-alltmer-komplex-tillvaro\/#primaryimage","url":"https:\/\/egn.com\/se\/wp-content\/uploads\/sites\/6\/2020\/08\/nedslag_april-2.jpg","contentUrl":"https:\/\/egn.com\/se\/wp-content\/uploads\/sites\/6\/2020\/08\/nedslag_april-2.jpg","width":1140,"height":480},{"@type":"BreadcrumbList","@id":"https:\/\/egn.com\/se\/forskning-i-en-alltmer-komplex-tillvaro\/#breadcrumb","itemListElement":[{"@type":"ListItem","position":1,"name":"Hem","item":"https:\/\/egn.com\/se\/"},{"@type":"ListItem","position":2,"name":"Forskning i en alltmer komplex tillvaro"}]},{"@type":"WebSite","@id":"https:\/\/egn.com\/se\/#website","url":"https:\/\/egn.com\/se\/","name":"EGN Sverige","description":"Professionella n\u00e4tverk f\u00f6r ledare och specialister","publisher":{"@id":"https:\/\/egn.com\/se\/#organization"},"potentialAction":[{"@type":"SearchAction","target":{"@type":"EntryPoint","urlTemplate":"https:\/\/egn.com\/se\/?s={search_term_string}"},"query-input":{"@type":"PropertyValueSpecification","valueRequired":true,"valueName":"search_term_string"}}],"inLanguage":"sv-SE"},{"@type":"Organization","@id":"https:\/\/egn.com\/se\/#organization","name":"EGN Sverige","alternateName":"EGN","url":"https:\/\/egn.com\/se\/","logo":{"@type":"ImageObject","inLanguage":"sv-SE","@id":"https:\/\/egn.com\/se\/#\/schema\/logo\/image\/","url":"https:\/\/egn.com\/se\/wp-content\/uploads\/sites\/6\/2026\/02\/EGN.png","contentUrl":"https:\/\/egn.com\/se\/wp-content\/uploads\/sites\/6\/2026\/02\/EGN.png","width":2185,"height":699,"caption":"EGN Sverige"},"image":{"@id":"https:\/\/egn.com\/se\/#\/schema\/logo\/image\/"},"sameAs":["https:\/\/www.facebook.com\/egnsverige\/","https:\/\/www.instagram.com\/egnsverige","https:\/\/www.linkedin.com\/company\/executives-global-network"],"description":"EGN Sverige \u00e4r Sveriges st\u00f6rsta kompetensn\u00e4tverk f\u00f6r chefer och ledare som vill utveckla sitt ledarskap. Vi jobbar f\u00f6r att chefer och ledare tillsammans ska utvecklas och hj\u00e4lpa varandra med de utmaningar som man st\u00f6ter p\u00e5 i sin profession.","email":"info@egn.se","telephone":"+468210722","vatID":"556739-7905"},{"@type":"Person","@id":"https:\/\/egn.com\/se\/#\/schema\/person\/3da3209858548246e07549b3214acdf3","name":"teddywestlund","image":{"@type":"ImageObject","inLanguage":"sv-SE","@id":"https:\/\/secure.gravatar.com\/avatar\/3f51ca2bf516f332935d1c454b54add3cb558a0e74cbe71dbdb762ac63d44e80?s=96&d=mm&r=g","url":"https:\/\/secure.gravatar.com\/avatar\/3f51ca2bf516f332935d1c454b54add3cb558a0e74cbe71dbdb762ac63d44e80?s=96&d=mm&r=g","contentUrl":"https:\/\/secure.gravatar.com\/avatar\/3f51ca2bf516f332935d1c454b54add3cb558a0e74cbe71dbdb762ac63d44e80?s=96&d=mm&r=g","caption":"teddywestlund"},"url":"https:\/\/egn.com\/se\/author\/teddywestlund\/"}]}},"_links":{"self":[{"href":"https:\/\/egn.com\/se\/wp-json\/wp\/v2\/posts\/1180","targetHints":{"allow":["GET"]}}],"collection":[{"href":"https:\/\/egn.com\/se\/wp-json\/wp\/v2\/posts"}],"about":[{"href":"https:\/\/egn.com\/se\/wp-json\/wp\/v2\/types\/post"}],"author":[{"embeddable":true,"href":"https:\/\/egn.com\/se\/wp-json\/wp\/v2\/users\/36"}],"replies":[{"embeddable":true,"href":"https:\/\/egn.com\/se\/wp-json\/wp\/v2\/comments?post=1180"}],"version-history":[{"count":0,"href":"https:\/\/egn.com\/se\/wp-json\/wp\/v2\/posts\/1180\/revisions"}],"wp:featuredmedia":[{"embeddable":true,"href":"https:\/\/egn.com\/se\/wp-json\/wp\/v2\/media\/1181"}],"wp:attachment":[{"href":"https:\/\/egn.com\/se\/wp-json\/wp\/v2\/media?parent=1180"}],"wp:term":[{"taxonomy":"category","embeddable":true,"href":"https:\/\/egn.com\/se\/wp-json\/wp\/v2\/categories?post=1180"},{"taxonomy":"post_tag","embeddable":true,"href":"https:\/\/egn.com\/se\/wp-json\/wp\/v2\/tags?post=1180"}],"curies":[{"name":"wp","href":"https:\/\/api.w.org\/{rel}","templated":true}]}}