{"id":1196,"date":"2017-10-03T11:47:00","date_gmt":"2017-10-03T09:47:00","guid":{"rendered":"https:\/\/egn.com\/se\/?p=1196"},"modified":"2020-10-09T13:06:09","modified_gmt":"2020-10-09T11:06:09","slug":"fredrik-bjellder-konsten-att-inte-tappa-kultur-i-tillvaxt","status":"publish","type":"post","link":"https:\/\/egn.com\/se\/fredrik-bjellder-konsten-att-inte-tappa-kultur-i-tillvaxt\/","title":{"rendered":"Konsten att inte tappa kultur i tillv\u00e4xt"},"content":{"rendered":"<h1 class=\"main-title\">Det b\u00f6rjade med en ung mammas \u00f6nskan att bara kunna str\u00e4cka ut armen genom d\u00f6rren f\u00f6r en kasse f\u00e4rdiga matvaror.<\/h1>\n<div class=\"col-md-8\">\n<div class=\"node__content\">\n<div class=\"col-md-8\">\n<div class=\"node__content\">\n<div class=\"col-md-8\">\n<div class=\"node__content\">\n<div>\n<p>Idag \u00e4r f\u00f6retaget Linas Matkasse Sveriges ledande matkassekoncept, med leveranser fr\u00e5n Ystad till Boden och en oms\u00e4ttning p\u00e5 \u00f6ver en miljard kronor. \u00a0Fredrik Bjellder \u00e4r en av nyckelpersonerna bakom kulisserna. Hans arbetsbeskrivning? Trevlighetsminister aka logistikchef.<\/p>\n<p><strong>Fredrik, var logistikbranschen ett medvetet val f\u00f6r dig?<\/strong><br \/>\nInte alls faktiskt. Jag jobbade i IT-branschen under perioden n\u00e4r bubblan sprack. Av en h\u00e4ndelse b\u00f6rjade jag jobba p\u00e5 Posten, med frakt av f\u00f6retagspaket.<\/p>\n<p>Jag var en ung snorvalp utan tydliga ambitioner, men blev snart bekr\u00e4ftad i mitt ledarskap. Efter ett tag ansvarade jag \u00f6ver chauff\u00f6rerna, och gick vidare som chef p\u00e5 en godsterminal, f\u00f6r att senare forts\u00e4tta med att s\u00e4lja transportl\u00f6sningar.\u00a0Med facit i hand ser jag att min bakgrund gett mig en helhetsf\u00f6rst\u00e5else av logistik som blivit ett trumfkort i min resa med Linas Matkasse.<\/p>\n<p><strong>Ni var ett ungt g\u00e4ng som formade Linas Matkasse. Hur beskriver du er resa hittills?<\/strong><br \/>\nHysterisk och helt fantastisk! De f\u00f6rsta \u00e5ren gick ut p\u00e5 att bygga flygplanet allteftersom vi navigerade oss fram\u00e5t i h\u00f6g fart.<\/p>\n<blockquote><p>\u201dI den snabba tillv\u00e4xten har vi ocks\u00e5 funnit v\u00e4nner f\u00f6r livet\u201d.<\/p><\/blockquote>\n<p>Ena dagen kunde uppgiften vara att snabbt hitta 100 nya bilar f\u00f6r frakt till nya kunder i Sk\u00f6vde, andra dagen kunde det handla om att bygga ett rating-system f\u00f6r att \u00f6ka feedback fr\u00e5n kunder.\u00a0Vi som varit med fr\u00e5n de f\u00f6rsta \u00e5ren finns alla kvar idag, n\u00e5got jag ocks\u00e5 tycker \u00e4r ett kvitto p\u00e5 den goda kultur vi lyckats etablera.\u00a0I den snabba tillv\u00e4xten har vi ocks\u00e5 funnit v\u00e4nner f\u00f6r livet, och tillfredsst\u00e4llelsen \u00f6ver att varje dag har n\u00e5got nytt att erbjuda.<\/p>\n<p><strong>Ni \u00e4r Sveriges st\u00f6rsta matkassekoncept. Varf\u00f6r har just ni lyckats s\u00e5 v\u00e4l med er kundupplevelse?<\/strong><br \/>\nDet \u00e4r f\u00f6rst\u00e5s ett lyckat teamarbete, ett team jag \u00e4r enormt glad och stolt \u00f6ver att vara del av.\u00a0Jag minns mitt f\u00f6rsta samtal som anst\u00e4lld, med grundaren Niklas Aronsson, och hans stora fokus p\u00e5 kultur. N\u00e4r jag fr\u00e5gade efter vilken titel jag skulle ha, blev hans svar kort och gott: trevlighetsminister!\u00a0Mitt uppdrag fr\u00e5n dag ett blev d\u00e4rmed att f\u00e5 varje leverant\u00f6r att \u00e4lska att jobba med oss. Ingen av oss ins\u00e5g nog d\u00e5 hur avg\u00f6rande leverant\u00f6ren skulle bli f\u00f6r kundupplevelsen.<\/p>\n<p>Efter sex \u00e5r i min roll, kan jag faktiskt med stolthet s\u00e4ga att ingen leverant\u00f6r har sagt upp ett avtal med anledning av ett missn\u00f6je gentemot oss. Vi har helt enkelt byggt relationer i alla led.\u00a0Jag kan till\u00e4gga &#8211; hur bra aff\u00e4rssystem du \u00e4n har, finns inget egenv\u00e4rde i att ligga f\u00f6rst med tekniska l\u00f6sningar om de inte bidrar till kundupplevelsen. \u00a0V\u00e5r inst\u00e4llning har hela tiden varit att utveckla oss utifr\u00e5n kundernas feedback och rangordna v\u00e5ra initiativ utifr\u00e5n det, snarare \u00e4n vad som passar v\u00e5r organisation. En ledstj\u00e4rna vi har \u00e4n idag.<\/p>\n<p><strong>Har du ett konkret exempel p\u00e5 hur ni byggt er kultur bland leverant\u00f6rer?<\/strong><br \/>\nJa, efter ett tag var vi uppe i 77 olika bolag som levererade \u00e5t oss; fr\u00e5n buss- och taxibolag i Leksand till budbilsf\u00f6retag i centrala Stockholm. Vi ins\u00e5g tidigt att vi beh\u00f6vde bygga ett system d\u00e4r v\u00e5r tj\u00e4nst upplevdes lika, oavsett vem som levererade och var.<\/p>\n<p>V\u00e5r ryggrad blev ett aff\u00e4rssystem vi sj\u00e4lva byggt, d\u00e4r alla utomst\u00e5ende f\u00f6retag d\u00e4rmed fick anpassa sig efter oss, ist\u00e4llet f\u00f6r tv\u00e4rtom.<\/p>\n<blockquote><p>\u201dVi har sett kraften i en starkt uppmuntrande kultur\u201d.<\/p><\/blockquote>\n<p>Det ledde \u00e4ven till en konkurrensf\u00f6rdel d\u00e5 vi inte bara visste vem v\u00e5r kund var, utan \u00e4ven vem varje aktuell chauff\u00f6r var. En tillg\u00e5ng som ocks\u00e5 tidigt gjorde att vi kunde b\u00f6rja med just rating.<\/p>\n<p><strong>M\u00e5nga logistikf\u00f6retag uttrycker just frustration kring chauff\u00f6rernas \u201dmakt\u201d vid \u201dthe last mile\u201d. Vad s\u00e4ger du?<\/strong><br \/>\nH\u00e4r \u00e4r ju det holistiska perspektivet avg\u00f6rande. Oavsett hur god din produkt \u00e4r, \u00e4r det faktiskt sekunderna vid d\u00f6rren som ger stor eftersmak.<\/p>\n<p>Vi har sett kraften i en starkt uppmuntrande kultur, vilket m\u00e5ste pr\u00e4gla hela kontoret och pulsera ut i organisationen. Och det tror jag \u00e4ven beh\u00f6ver smitta av sig i varje del av logistikprocessen, att ditt hj\u00e4rta \u00e4r d\u00e4r.<\/p>\n<p>I v\u00e5rt fall har det utryckt sig i b\u00e5de strukturer och i spontana utfall. Ett enkelt exempel \u00e4r d\u00e4r vi tack vare rating anordnade chauff\u00f6rst\u00e4vlingar, f\u00f6r att synligg\u00f6ra personer som Kalle, och hans lovordade insats f\u00f6r barnfamiljerna i Vimmerby.<\/p>\n<p>Ett spontanare uttryck, var dagen d\u00e5 jag och n\u00e5gra kollegor p\u00e5 Stockholmskontoret \u00e5kte iv\u00e4g f\u00f6r att oanm\u00e4lda bjuda en stor grupp chauff\u00f6rer p\u00e5 grillunch, vid deras gemensamma m\u00f6tesplats.<\/p>\n<p>Jag tror att det \u00e4r avg\u00f6rande att skapa positiva m\u00f6ten i vardagen, \u00e4ven n\u00e4r man k\u00e4nner sig stressad av en snabb tillv\u00e4xt.<\/p>\n<\/div>\n<\/div>\n<\/div>\n<\/div>\n<\/div>\n<\/div>\n<\/div>\n","protected":false},"excerpt":{"rendered":"<p>Det b\u00f6rjade med en ung mammas \u00f6nskan att bara kunna str\u00e4cka ut armen genom d\u00f6rren f\u00f6r en kasse f\u00e4rdiga matvaror.<\/p>\n","protected":false},"author":36,"featured_media":1197,"comment_status":"closed","ping_status":"open","sticky":false,"template":"","format":"standard","meta":{"_acf_changed":false,"footnotes":""},"categories":[11],"tags":[],"class_list":["post-1196","post","type-post","status-publish","format-standard","has-post-thumbnail","hentry","category-insights"],"acf":[],"yoast_head":"<title>Konsten att inte tappa kultur i tillv\u00e4xt | EGN Sverige<\/title>\n<meta name=\"description\" content=\"EGN Sverige skriver artiklar och kr\u00f6nikor f\u00f6r att l\u00e5ta dig inspireras till att v\u00e4xa som chef och ledare. Tillsammans g\u00f6r vi varandra b\u00e4ttre genom generositet, gl\u00e4dje, energi och tillit.\" \/>\n<meta name=\"robots\" content=\"index, follow, max-snippet:-1, max-image-preview:large, max-video-preview:-1\" \/>\n<link rel=\"canonical\" href=\"https:\/\/egn.com\/se\/fredrik-bjellder-konsten-att-inte-tappa-kultur-i-tillvaxt\/\" \/>\n<meta property=\"og:locale\" content=\"sv_SE\" \/>\n<meta property=\"og:type\" content=\"article\" \/>\n<meta property=\"og:title\" content=\"Konsten att inte tappa kultur i tillv\u00e4xt\" \/>\n<meta property=\"og:description\" content=\"Det b\u00f6rjade med en ung mammas \u00f6nskan att bara kunna str\u00e4cka ut armen genom d\u00f6rren f\u00f6r en kasse f\u00e4rdiga matvaror.\" \/>\n<meta property=\"og:url\" content=\"https:\/\/egn.com\/se\/fredrik-bjellder-konsten-att-inte-tappa-kultur-i-tillvaxt\/\" \/>\n<meta property=\"og:site_name\" content=\"EGN Sverige\" \/>\n<meta property=\"article:publisher\" content=\"https:\/\/www.facebook.com\/egnsverige\/\" \/>\n<meta property=\"article:published_time\" content=\"2017-10-03T09:47:00+00:00\" \/>\n<meta property=\"article:modified_time\" content=\"2020-10-09T11:06:09+00:00\" \/>\n<meta property=\"og:image\" content=\"https:\/\/egn.com\/se\/wp-content\/uploads\/sites\/6\/2020\/08\/Fredrik-Bjellder-pressbild-svartvit.jpg\" \/>\n\t<meta property=\"og:image:width\" content=\"1140\" \/>\n\t<meta property=\"og:image:height\" content=\"480\" \/>\n\t<meta property=\"og:image:type\" content=\"image\/jpeg\" \/>\n<meta name=\"author\" content=\"teddywestlund\" \/>\n<meta name=\"twitter:card\" content=\"summary_large_image\" \/>\n<meta name=\"twitter:label1\" content=\"Skriven av\" \/>\n\t<meta name=\"twitter:data1\" content=\"teddywestlund\" \/>\n\t<meta name=\"twitter:label2\" content=\"Ber\u00e4knad l\u00e4stid\" \/>\n\t<meta name=\"twitter:data2\" content=\"4 minuter\" \/>\n<script type=\"application\/ld+json\" class=\"yoast-schema-graph\">{\"@context\":\"https:\\\/\\\/schema.org\",\"@graph\":[{\"@type\":\"Article\",\"@id\":\"https:\\\/\\\/egn.com\\\/se\\\/fredrik-bjellder-konsten-att-inte-tappa-kultur-i-tillvaxt\\\/#article\",\"isPartOf\":{\"@id\":\"https:\\\/\\\/egn.com\\\/se\\\/fredrik-bjellder-konsten-att-inte-tappa-kultur-i-tillvaxt\\\/\"},\"author\":{\"name\":\"teddywestlund\",\"@id\":\"https:\\\/\\\/egn.com\\\/se\\\/#\\\/schema\\\/person\\\/3da3209858548246e07549b3214acdf3\"},\"headline\":\"Konsten att inte tappa kultur i tillv\u00e4xt\",\"datePublished\":\"2017-10-03T09:47:00+00:00\",\"dateModified\":\"2020-10-09T11:06:09+00:00\",\"mainEntityOfPage\":{\"@id\":\"https:\\\/\\\/egn.com\\\/se\\\/fredrik-bjellder-konsten-att-inte-tappa-kultur-i-tillvaxt\\\/\"},\"wordCount\":889,\"publisher\":{\"@id\":\"https:\\\/\\\/egn.com\\\/se\\\/#organization\"},\"image\":{\"@id\":\"https:\\\/\\\/egn.com\\\/se\\\/fredrik-bjellder-konsten-att-inte-tappa-kultur-i-tillvaxt\\\/#primaryimage\"},\"thumbnailUrl\":\"https:\\\/\\\/egn.com\\\/se\\\/wp-content\\\/uploads\\\/sites\\\/6\\\/2020\\\/08\\\/Fredrik-Bjellder-pressbild-svartvit.jpg\",\"articleSection\":[\"Insights\"],\"inLanguage\":\"sv-SE\"},{\"@type\":\"WebPage\",\"@id\":\"https:\\\/\\\/egn.com\\\/se\\\/fredrik-bjellder-konsten-att-inte-tappa-kultur-i-tillvaxt\\\/\",\"url\":\"https:\\\/\\\/egn.com\\\/se\\\/fredrik-bjellder-konsten-att-inte-tappa-kultur-i-tillvaxt\\\/\",\"name\":\"Konsten att inte tappa kultur i tillv\u00e4xt | EGN Sverige\",\"isPartOf\":{\"@id\":\"https:\\\/\\\/egn.com\\\/se\\\/#website\"},\"primaryImageOfPage\":{\"@id\":\"https:\\\/\\\/egn.com\\\/se\\\/fredrik-bjellder-konsten-att-inte-tappa-kultur-i-tillvaxt\\\/#primaryimage\"},\"image\":{\"@id\":\"https:\\\/\\\/egn.com\\\/se\\\/fredrik-bjellder-konsten-att-inte-tappa-kultur-i-tillvaxt\\\/#primaryimage\"},\"thumbnailUrl\":\"https:\\\/\\\/egn.com\\\/se\\\/wp-content\\\/uploads\\\/sites\\\/6\\\/2020\\\/08\\\/Fredrik-Bjellder-pressbild-svartvit.jpg\",\"datePublished\":\"2017-10-03T09:47:00+00:00\",\"dateModified\":\"2020-10-09T11:06:09+00:00\",\"description\":\"EGN Sverige skriver artiklar och kr\u00f6nikor f\u00f6r att l\u00e5ta dig inspireras till att v\u00e4xa som chef och ledare. Tillsammans g\u00f6r vi varandra b\u00e4ttre genom generositet, gl\u00e4dje, energi och tillit.\",\"breadcrumb\":{\"@id\":\"https:\\\/\\\/egn.com\\\/se\\\/fredrik-bjellder-konsten-att-inte-tappa-kultur-i-tillvaxt\\\/#breadcrumb\"},\"inLanguage\":\"sv-SE\",\"potentialAction\":[{\"@type\":\"ReadAction\",\"target\":[\"https:\\\/\\\/egn.com\\\/se\\\/fredrik-bjellder-konsten-att-inte-tappa-kultur-i-tillvaxt\\\/\"]}]},{\"@type\":\"ImageObject\",\"inLanguage\":\"sv-SE\",\"@id\":\"https:\\\/\\\/egn.com\\\/se\\\/fredrik-bjellder-konsten-att-inte-tappa-kultur-i-tillvaxt\\\/#primaryimage\",\"url\":\"https:\\\/\\\/egn.com\\\/se\\\/wp-content\\\/uploads\\\/sites\\\/6\\\/2020\\\/08\\\/Fredrik-Bjellder-pressbild-svartvit.jpg\",\"contentUrl\":\"https:\\\/\\\/egn.com\\\/se\\\/wp-content\\\/uploads\\\/sites\\\/6\\\/2020\\\/08\\\/Fredrik-Bjellder-pressbild-svartvit.jpg\",\"width\":1140,\"height\":480},{\"@type\":\"BreadcrumbList\",\"@id\":\"https:\\\/\\\/egn.com\\\/se\\\/fredrik-bjellder-konsten-att-inte-tappa-kultur-i-tillvaxt\\\/#breadcrumb\",\"itemListElement\":[{\"@type\":\"ListItem\",\"position\":1,\"name\":\"Hem\",\"item\":\"https:\\\/\\\/egn.com\\\/se\\\/\"},{\"@type\":\"ListItem\",\"position\":2,\"name\":\"Konsten att inte tappa kultur i tillv\u00e4x&hellip;\"}]},{\"@type\":\"WebSite\",\"@id\":\"https:\\\/\\\/egn.com\\\/se\\\/#website\",\"url\":\"https:\\\/\\\/egn.com\\\/se\\\/\",\"name\":\"EGN Sverige\",\"description\":\"Professionella n\u00e4tverk f\u00f6r ledare och specialister\",\"publisher\":{\"@id\":\"https:\\\/\\\/egn.com\\\/se\\\/#organization\"},\"potentialAction\":[{\"@type\":\"SearchAction\",\"target\":{\"@type\":\"EntryPoint\",\"urlTemplate\":\"https:\\\/\\\/egn.com\\\/se\\\/?s={search_term_string}\"},\"query-input\":{\"@type\":\"PropertyValueSpecification\",\"valueRequired\":true,\"valueName\":\"search_term_string\"}}],\"inLanguage\":\"sv-SE\"},{\"@type\":\"Organization\",\"@id\":\"https:\\\/\\\/egn.com\\\/se\\\/#organization\",\"name\":\"EGN Sverige\",\"alternateName\":\"EGN\",\"url\":\"https:\\\/\\\/egn.com\\\/se\\\/\",\"logo\":{\"@type\":\"ImageObject\",\"inLanguage\":\"sv-SE\",\"@id\":\"https:\\\/\\\/egn.com\\\/se\\\/#\\\/schema\\\/logo\\\/image\\\/\",\"url\":\"https:\\\/\\\/egn.com\\\/se\\\/wp-content\\\/uploads\\\/sites\\\/6\\\/2026\\\/02\\\/EGN.png\",\"contentUrl\":\"https:\\\/\\\/egn.com\\\/se\\\/wp-content\\\/uploads\\\/sites\\\/6\\\/2026\\\/02\\\/EGN.png\",\"width\":2185,\"height\":699,\"caption\":\"EGN Sverige\"},\"image\":{\"@id\":\"https:\\\/\\\/egn.com\\\/se\\\/#\\\/schema\\\/logo\\\/image\\\/\"},\"sameAs\":[\"https:\\\/\\\/www.facebook.com\\\/egnsverige\\\/\",\"https:\\\/\\\/www.instagram.com\\\/egnsverige\",\"https:\\\/\\\/www.linkedin.com\\\/company\\\/executives-global-network\"],\"description\":\"EGN Sverige \u00e4r Sveriges st\u00f6rsta kompetensn\u00e4tverk f\u00f6r chefer och ledare som vill utveckla sitt ledarskap. Vi jobbar f\u00f6r att chefer och ledare tillsammans ska utvecklas och hj\u00e4lpa varandra med de utmaningar som man st\u00f6ter p\u00e5 i sin profession.\",\"email\":\"info@egn.se\",\"telephone\":\"+468210722\",\"vatID\":\"556739-7905\"},{\"@type\":\"Person\",\"@id\":\"https:\\\/\\\/egn.com\\\/se\\\/#\\\/schema\\\/person\\\/3da3209858548246e07549b3214acdf3\",\"name\":\"teddywestlund\",\"image\":{\"@type\":\"ImageObject\",\"inLanguage\":\"sv-SE\",\"@id\":\"https:\\\/\\\/secure.gravatar.com\\\/avatar\\\/3f51ca2bf516f332935d1c454b54add3cb558a0e74cbe71dbdb762ac63d44e80?s=96&d=mm&r=g\",\"url\":\"https:\\\/\\\/secure.gravatar.com\\\/avatar\\\/3f51ca2bf516f332935d1c454b54add3cb558a0e74cbe71dbdb762ac63d44e80?s=96&d=mm&r=g\",\"contentUrl\":\"https:\\\/\\\/secure.gravatar.com\\\/avatar\\\/3f51ca2bf516f332935d1c454b54add3cb558a0e74cbe71dbdb762ac63d44e80?s=96&d=mm&r=g\",\"caption\":\"teddywestlund\"},\"url\":\"https:\\\/\\\/egn.com\\\/se\\\/author\\\/teddywestlund\\\/\"}]}<\/script>","yoast_head_json":{"title":"Konsten att inte tappa kultur i tillv\u00e4xt | EGN Sverige","description":"EGN Sverige skriver artiklar och kr\u00f6nikor f\u00f6r att l\u00e5ta dig inspireras till att v\u00e4xa som chef och ledare. Tillsammans g\u00f6r vi varandra b\u00e4ttre genom generositet, gl\u00e4dje, energi och tillit.","robots":{"index":"index","follow":"follow","max-snippet":"max-snippet:-1","max-image-preview":"max-image-preview:large","max-video-preview":"max-video-preview:-1"},"canonical":"https:\/\/egn.com\/se\/fredrik-bjellder-konsten-att-inte-tappa-kultur-i-tillvaxt\/","og_locale":"sv_SE","og_type":"article","og_title":"Konsten att inte tappa kultur i tillv\u00e4xt","og_description":"Det b\u00f6rjade med en ung mammas \u00f6nskan att bara kunna str\u00e4cka ut armen genom d\u00f6rren f\u00f6r en kasse f\u00e4rdiga matvaror.","og_url":"https:\/\/egn.com\/se\/fredrik-bjellder-konsten-att-inte-tappa-kultur-i-tillvaxt\/","og_site_name":"EGN Sverige","article_publisher":"https:\/\/www.facebook.com\/egnsverige\/","article_published_time":"2017-10-03T09:47:00+00:00","article_modified_time":"2020-10-09T11:06:09+00:00","og_image":[{"width":1140,"height":480,"url":"https:\/\/egn.com\/se\/wp-content\/uploads\/sites\/6\/2020\/08\/Fredrik-Bjellder-pressbild-svartvit.jpg","type":"image\/jpeg"}],"author":"teddywestlund","twitter_card":"summary_large_image","twitter_misc":{"Skriven av":"teddywestlund","Ber\u00e4knad l\u00e4stid":"4 minuter"},"schema":{"@context":"https:\/\/schema.org","@graph":[{"@type":"Article","@id":"https:\/\/egn.com\/se\/fredrik-bjellder-konsten-att-inte-tappa-kultur-i-tillvaxt\/#article","isPartOf":{"@id":"https:\/\/egn.com\/se\/fredrik-bjellder-konsten-att-inte-tappa-kultur-i-tillvaxt\/"},"author":{"name":"teddywestlund","@id":"https:\/\/egn.com\/se\/#\/schema\/person\/3da3209858548246e07549b3214acdf3"},"headline":"Konsten att inte tappa kultur i tillv\u00e4xt","datePublished":"2017-10-03T09:47:00+00:00","dateModified":"2020-10-09T11:06:09+00:00","mainEntityOfPage":{"@id":"https:\/\/egn.com\/se\/fredrik-bjellder-konsten-att-inte-tappa-kultur-i-tillvaxt\/"},"wordCount":889,"publisher":{"@id":"https:\/\/egn.com\/se\/#organization"},"image":{"@id":"https:\/\/egn.com\/se\/fredrik-bjellder-konsten-att-inte-tappa-kultur-i-tillvaxt\/#primaryimage"},"thumbnailUrl":"https:\/\/egn.com\/se\/wp-content\/uploads\/sites\/6\/2020\/08\/Fredrik-Bjellder-pressbild-svartvit.jpg","articleSection":["Insights"],"inLanguage":"sv-SE"},{"@type":"WebPage","@id":"https:\/\/egn.com\/se\/fredrik-bjellder-konsten-att-inte-tappa-kultur-i-tillvaxt\/","url":"https:\/\/egn.com\/se\/fredrik-bjellder-konsten-att-inte-tappa-kultur-i-tillvaxt\/","name":"Konsten att inte tappa kultur i tillv\u00e4xt | EGN Sverige","isPartOf":{"@id":"https:\/\/egn.com\/se\/#website"},"primaryImageOfPage":{"@id":"https:\/\/egn.com\/se\/fredrik-bjellder-konsten-att-inte-tappa-kultur-i-tillvaxt\/#primaryimage"},"image":{"@id":"https:\/\/egn.com\/se\/fredrik-bjellder-konsten-att-inte-tappa-kultur-i-tillvaxt\/#primaryimage"},"thumbnailUrl":"https:\/\/egn.com\/se\/wp-content\/uploads\/sites\/6\/2020\/08\/Fredrik-Bjellder-pressbild-svartvit.jpg","datePublished":"2017-10-03T09:47:00+00:00","dateModified":"2020-10-09T11:06:09+00:00","description":"EGN Sverige skriver artiklar och kr\u00f6nikor f\u00f6r att l\u00e5ta dig inspireras till att v\u00e4xa som chef och ledare. Tillsammans g\u00f6r vi varandra b\u00e4ttre genom generositet, gl\u00e4dje, energi och tillit.","breadcrumb":{"@id":"https:\/\/egn.com\/se\/fredrik-bjellder-konsten-att-inte-tappa-kultur-i-tillvaxt\/#breadcrumb"},"inLanguage":"sv-SE","potentialAction":[{"@type":"ReadAction","target":["https:\/\/egn.com\/se\/fredrik-bjellder-konsten-att-inte-tappa-kultur-i-tillvaxt\/"]}]},{"@type":"ImageObject","inLanguage":"sv-SE","@id":"https:\/\/egn.com\/se\/fredrik-bjellder-konsten-att-inte-tappa-kultur-i-tillvaxt\/#primaryimage","url":"https:\/\/egn.com\/se\/wp-content\/uploads\/sites\/6\/2020\/08\/Fredrik-Bjellder-pressbild-svartvit.jpg","contentUrl":"https:\/\/egn.com\/se\/wp-content\/uploads\/sites\/6\/2020\/08\/Fredrik-Bjellder-pressbild-svartvit.jpg","width":1140,"height":480},{"@type":"BreadcrumbList","@id":"https:\/\/egn.com\/se\/fredrik-bjellder-konsten-att-inte-tappa-kultur-i-tillvaxt\/#breadcrumb","itemListElement":[{"@type":"ListItem","position":1,"name":"Hem","item":"https:\/\/egn.com\/se\/"},{"@type":"ListItem","position":2,"name":"Konsten att inte tappa kultur i tillv\u00e4x&hellip;"}]},{"@type":"WebSite","@id":"https:\/\/egn.com\/se\/#website","url":"https:\/\/egn.com\/se\/","name":"EGN Sverige","description":"Professionella n\u00e4tverk f\u00f6r ledare och specialister","publisher":{"@id":"https:\/\/egn.com\/se\/#organization"},"potentialAction":[{"@type":"SearchAction","target":{"@type":"EntryPoint","urlTemplate":"https:\/\/egn.com\/se\/?s={search_term_string}"},"query-input":{"@type":"PropertyValueSpecification","valueRequired":true,"valueName":"search_term_string"}}],"inLanguage":"sv-SE"},{"@type":"Organization","@id":"https:\/\/egn.com\/se\/#organization","name":"EGN Sverige","alternateName":"EGN","url":"https:\/\/egn.com\/se\/","logo":{"@type":"ImageObject","inLanguage":"sv-SE","@id":"https:\/\/egn.com\/se\/#\/schema\/logo\/image\/","url":"https:\/\/egn.com\/se\/wp-content\/uploads\/sites\/6\/2026\/02\/EGN.png","contentUrl":"https:\/\/egn.com\/se\/wp-content\/uploads\/sites\/6\/2026\/02\/EGN.png","width":2185,"height":699,"caption":"EGN Sverige"},"image":{"@id":"https:\/\/egn.com\/se\/#\/schema\/logo\/image\/"},"sameAs":["https:\/\/www.facebook.com\/egnsverige\/","https:\/\/www.instagram.com\/egnsverige","https:\/\/www.linkedin.com\/company\/executives-global-network"],"description":"EGN Sverige \u00e4r Sveriges st\u00f6rsta kompetensn\u00e4tverk f\u00f6r chefer och ledare som vill utveckla sitt ledarskap. Vi jobbar f\u00f6r att chefer och ledare tillsammans ska utvecklas och hj\u00e4lpa varandra med de utmaningar som man st\u00f6ter p\u00e5 i sin profession.","email":"info@egn.se","telephone":"+468210722","vatID":"556739-7905"},{"@type":"Person","@id":"https:\/\/egn.com\/se\/#\/schema\/person\/3da3209858548246e07549b3214acdf3","name":"teddywestlund","image":{"@type":"ImageObject","inLanguage":"sv-SE","@id":"https:\/\/secure.gravatar.com\/avatar\/3f51ca2bf516f332935d1c454b54add3cb558a0e74cbe71dbdb762ac63d44e80?s=96&d=mm&r=g","url":"https:\/\/secure.gravatar.com\/avatar\/3f51ca2bf516f332935d1c454b54add3cb558a0e74cbe71dbdb762ac63d44e80?s=96&d=mm&r=g","contentUrl":"https:\/\/secure.gravatar.com\/avatar\/3f51ca2bf516f332935d1c454b54add3cb558a0e74cbe71dbdb762ac63d44e80?s=96&d=mm&r=g","caption":"teddywestlund"},"url":"https:\/\/egn.com\/se\/author\/teddywestlund\/"}]}},"_links":{"self":[{"href":"https:\/\/egn.com\/se\/wp-json\/wp\/v2\/posts\/1196","targetHints":{"allow":["GET"]}}],"collection":[{"href":"https:\/\/egn.com\/se\/wp-json\/wp\/v2\/posts"}],"about":[{"href":"https:\/\/egn.com\/se\/wp-json\/wp\/v2\/types\/post"}],"author":[{"embeddable":true,"href":"https:\/\/egn.com\/se\/wp-json\/wp\/v2\/users\/36"}],"replies":[{"embeddable":true,"href":"https:\/\/egn.com\/se\/wp-json\/wp\/v2\/comments?post=1196"}],"version-history":[{"count":0,"href":"https:\/\/egn.com\/se\/wp-json\/wp\/v2\/posts\/1196\/revisions"}],"wp:featuredmedia":[{"embeddable":true,"href":"https:\/\/egn.com\/se\/wp-json\/wp\/v2\/media\/1197"}],"wp:attachment":[{"href":"https:\/\/egn.com\/se\/wp-json\/wp\/v2\/media?parent=1196"}],"wp:term":[{"taxonomy":"category","embeddable":true,"href":"https:\/\/egn.com\/se\/wp-json\/wp\/v2\/categories?post=1196"},{"taxonomy":"post_tag","embeddable":true,"href":"https:\/\/egn.com\/se\/wp-json\/wp\/v2\/tags?post=1196"}],"curies":[{"name":"wp","href":"https:\/\/api.w.org\/{rel}","templated":true}]}}