{"id":1255,"date":"2018-08-25T13:46:08","date_gmt":"2018-08-25T11:46:08","guid":{"rendered":"https:\/\/egn.com\/se\/?p=1255"},"modified":"2020-10-09T13:03:35","modified_gmt":"2020-10-09T11:03:35","slug":"konsten-att-natverka-livet-ut","status":"publish","type":"post","link":"https:\/\/egn.com\/se\/konsten-att-natverka-livet-ut\/","title":{"rendered":"Konsten att n\u00e4tverka livet ut"},"content":{"rendered":"<h1 class=\"main-title\">Arne Lindberg &#8211; EGN sveriges f\u00f6rsta medlem<\/h1>\n<div class=\"col-md-8\">\n<div class=\"node__content\">\n<div class=\"col-md-8\">\n<div class=\"node__content\">\n<div class=\"col-md-8\">\n<div class=\"node__content\">\n<p>V\u00e5r f\u00f6rsta medlem n\u00e5gonsin ber\u00e4ttar om sin 10 \u00e5riga resa med n\u00e4tverket, och om konsten att n\u00e4tverka livet ut.<\/p>\n<\/div>\n<p>Arne Lindberg minns inte bara sommaren 2008 f\u00f6r de olympiska sommarspelen i Peking eller att Ryssland invaderade Georgien. Det var ocks\u00e5 startskottet f\u00f6r EGN Sveriges f\u00f6rsta n\u00e4tverksgrupp, d\u00e4r Arne var p\u00e5 plats. H\u00e4r inleddes hans tio\u00e5riga resa med andra CEO:s\/vd:ar i Stockholm.<\/p>\n<p>Generics grundare och del\u00e4gare Arne Lindbergs professionella liv har alltid kretsat kring it. Tillsammans med tre kollegor startade han Generic 1993 som under \u00e5ren utvecklats till en b\u00f6rsnoterad verksamhet specialiserad p\u00e5 verksamhetskritisk kommunikation och larm, SMS- och faxtj\u00e4nster. H\u00e4ndelserika och mycket intensiva \u00e5r d\u00e4r han ofta st\u00e4llts inf\u00f6r nya fr\u00e5gest\u00e4llningar som kr\u00e4vt andras perspektiv och bollplank. H\u00e4r har hans n\u00e4tverkande spelat en viktig roll.<\/p>\n<p><strong>Du avslutar nu ett l\u00e5ngt kapitel och g\u00e5r i pension. Vilka v\u00e4gval hade du aldrig velat vara utan?<\/strong><br \/>\n<em>&#8211;\u00a0Jag \u00e4r v\u00e4ldigt glad \u00f6ver att jag tog steget att bryta upp och starta eget. Det har tagit mig p\u00e5 en resa som gjort mitt liv rikare. Jag har \u00e4ven prioriterat relationer och n\u00e4tverkande, b\u00e5de professionellt och i mitt personliga liv, vilket gjort mig mycket gott. Relationer tar tid, och det \u00e4r det v\u00e4rt. Under mina tio \u00e5r med EGN har jag v\u00e4rderat min n\u00e4tverksgrupp h\u00f6gt, och d\u00e4rmed ocks\u00e5 f\u00e5tt stor utdelning av den i form av r\u00e5d, st\u00f6d och en m\u00e4ngd tips i allt fr\u00e5n nya rekryteringar till outsourcing och molntj\u00e4nster.\u00a0 Det har varit resursberikande och samtidigt ett givande andningsh\u00e5l.<\/em><\/p>\n<p><strong>Vad har du f\u00f6r n\u00e4tverkstips till den som funderar p\u00e5 att utveckla sig?<\/strong><br \/>\n<em>&#8211;\u00a0Snabbt sammanfattat skulle jag s\u00e4ga b\u00f6rja tidigt, prioritera tillf\u00e4llena och var n\u00e4rvarande i relationerna. I mitt yrkesliv har jag aktivt dragit f\u00f6rdel av direkta kontakter s\u00e5v\u00e4l som alla tv\u00e4rf\u00f6rbindelser som uppst\u00e5r i ett n\u00e4tverk som EGN. Det har blivit m\u00e5nga samtal och luncher under \u00e5ren, mellan m\u00f6tena. Som it-person \u00e4r jag f\u00f6rst\u00e5s en flitig anv\u00e4ndare av digitala m\u00f6ten, men det kommer nog aldrig kunna matcha det fysiska m\u00f6tet.<\/em><\/p>\n<p><strong>Hur ser dina planer ut som ny pension\u00e4r?<\/strong><br \/>\n<em>&#8211;\u00a0Handen p\u00e5 hj\u00e4rtat har jag varit lite orolig \u00f6ver att vardagen kan upplevas tom. I yrkeslivet m\u00f6ter man ju s\u00e5 oerh\u00f6rt m\u00e5nga m\u00e4nniskor som g\u00f6r en rikare. Nu blir det ist\u00e4llet desto mer tid till det n\u00e4tverk jag varit del av sedan 1982, d\u00e4r vi med kulinarisk och kulturell inriktning pr\u00f6var saker vi aldrig annars skulle utsatt oss f\u00f6r eller tagit oss tid till. Jag \u00e4r f\u00f6rtjust i att agera reseledare och arrang\u00f6r, sist till Piemonte och inom kort en skidresa till Cervinia. Och jag kommer s\u00e4kert att b\u00f6rja spela golf (skratt!). Med varje nytt intresse finns ett nytt n\u00e4tverk att uppt\u00e4cka.<\/em><\/p>\n<p><img fetchpriority=\"high\" decoding=\"async\" src=\"https:\/\/www.egn.se\/sites\/default\/files\/files\/Frontpages\/bildarneblommorliten.jpg\" alt=\"bildarneblommorliten.jpg\" width=\"448\" height=\"448\" data-entity-type=\"\" data-entity-uuid=\"\" \/><\/p>\n<p>Stort tack f\u00f6r de h\u00e4r \u00e5ren, Arne!<\/p>\n<p>&nbsp;<\/p>\n<p><strong>Fotnot:<\/strong>\u00a0Arne Lindberg har varit med i IT Stockholm 1, EGN Sveriges f\u00f6rsta n\u00e4tverksgrupp, sedan den startades 2008. Han har varit en mycket aktiv medlem i n\u00e4tverket och \u00e4ven varit en del av EGN Sveriges Advisory Board.<\/p>\n<\/div>\n<\/div>\n<\/div>\n<\/div>\n<\/div>\n","protected":false},"excerpt":{"rendered":"<p>V\u00e5r f\u00f6rsta medlem n\u00e5gonsin ber\u00e4ttar om sin 10 \u00e5riga resa med n\u00e4tverket,<\/p>\n","protected":false},"author":36,"featured_media":1256,"comment_status":"closed","ping_status":"open","sticky":false,"template":"","format":"standard","meta":{"_acf_changed":false,"footnotes":""},"categories":[11],"tags":[],"class_list":["post-1255","post","type-post","status-publish","format-standard","has-post-thumbnail","hentry","category-insights"],"acf":[],"yoast_head":"<title>Konsten att n\u00e4tverka livet ut | EGN Sverige<\/title>\n<meta name=\"description\" content=\"EGN Sverige skriver artiklar och kr\u00f6nikor f\u00f6r att l\u00e5ta dig inspireras till att v\u00e4xa som chef och ledare. Tillsammans g\u00f6r vi varandra b\u00e4ttre genom generositet, gl\u00e4dje, energi och tillit.\" \/>\n<meta name=\"robots\" content=\"index, follow, max-snippet:-1, max-image-preview:large, max-video-preview:-1\" \/>\n<link rel=\"canonical\" href=\"https:\/\/egn.com\/se\/konsten-att-natverka-livet-ut\/\" \/>\n<meta property=\"og:locale\" content=\"sv_SE\" \/>\n<meta property=\"og:type\" content=\"article\" \/>\n<meta property=\"og:title\" content=\"Konsten att n\u00e4tverka livet ut\" \/>\n<meta property=\"og:description\" content=\"V\u00e5r f\u00f6rsta medlem n\u00e5gonsin ber\u00e4ttar om sin 10 \u00e5riga resa med n\u00e4tverket,\" \/>\n<meta property=\"og:url\" content=\"https:\/\/egn.com\/se\/konsten-att-natverka-livet-ut\/\" \/>\n<meta property=\"og:site_name\" content=\"EGN Sverige\" \/>\n<meta property=\"article:publisher\" content=\"https:\/\/www.facebook.com\/egnsverige\/\" \/>\n<meta property=\"article:published_time\" content=\"2018-08-25T11:46:08+00:00\" \/>\n<meta property=\"article:modified_time\" content=\"2020-10-09T11:03:35+00:00\" \/>\n<meta property=\"og:image\" content=\"https:\/\/egn.com\/se\/wp-content\/uploads\/sites\/6\/2020\/08\/arneochdaniel.jpg\" \/>\n\t<meta property=\"og:image:width\" content=\"1140\" \/>\n\t<meta property=\"og:image:height\" content=\"480\" \/>\n\t<meta property=\"og:image:type\" content=\"image\/jpeg\" \/>\n<meta name=\"author\" content=\"teddywestlund\" \/>\n<meta name=\"twitter:card\" content=\"summary_large_image\" \/>\n<meta name=\"twitter:label1\" content=\"Skriven av\" \/>\n\t<meta name=\"twitter:data1\" content=\"teddywestlund\" \/>\n\t<meta name=\"twitter:label2\" content=\"Ber\u00e4knad l\u00e4stid\" \/>\n\t<meta name=\"twitter:data2\" content=\"3 minuter\" \/>\n<script type=\"application\/ld+json\" class=\"yoast-schema-graph\">{\"@context\":\"https:\\\/\\\/schema.org\",\"@graph\":[{\"@type\":\"Article\",\"@id\":\"https:\\\/\\\/egn.com\\\/se\\\/konsten-att-natverka-livet-ut\\\/#article\",\"isPartOf\":{\"@id\":\"https:\\\/\\\/egn.com\\\/se\\\/konsten-att-natverka-livet-ut\\\/\"},\"author\":{\"name\":\"teddywestlund\",\"@id\":\"https:\\\/\\\/egn.com\\\/se\\\/#\\\/schema\\\/person\\\/3da3209858548246e07549b3214acdf3\"},\"headline\":\"Konsten att n\u00e4tverka livet ut\",\"datePublished\":\"2018-08-25T11:46:08+00:00\",\"dateModified\":\"2020-10-09T11:03:35+00:00\",\"mainEntityOfPage\":{\"@id\":\"https:\\\/\\\/egn.com\\\/se\\\/konsten-att-natverka-livet-ut\\\/\"},\"wordCount\":580,\"publisher\":{\"@id\":\"https:\\\/\\\/egn.com\\\/se\\\/#organization\"},\"image\":{\"@id\":\"https:\\\/\\\/egn.com\\\/se\\\/konsten-att-natverka-livet-ut\\\/#primaryimage\"},\"thumbnailUrl\":\"https:\\\/\\\/egn.com\\\/se\\\/wp-content\\\/uploads\\\/sites\\\/6\\\/2020\\\/08\\\/arneochdaniel.jpg\",\"articleSection\":[\"Insights\"],\"inLanguage\":\"sv-SE\"},{\"@type\":\"WebPage\",\"@id\":\"https:\\\/\\\/egn.com\\\/se\\\/konsten-att-natverka-livet-ut\\\/\",\"url\":\"https:\\\/\\\/egn.com\\\/se\\\/konsten-att-natverka-livet-ut\\\/\",\"name\":\"Konsten att n\u00e4tverka livet ut | EGN Sverige\",\"isPartOf\":{\"@id\":\"https:\\\/\\\/egn.com\\\/se\\\/#website\"},\"primaryImageOfPage\":{\"@id\":\"https:\\\/\\\/egn.com\\\/se\\\/konsten-att-natverka-livet-ut\\\/#primaryimage\"},\"image\":{\"@id\":\"https:\\\/\\\/egn.com\\\/se\\\/konsten-att-natverka-livet-ut\\\/#primaryimage\"},\"thumbnailUrl\":\"https:\\\/\\\/egn.com\\\/se\\\/wp-content\\\/uploads\\\/sites\\\/6\\\/2020\\\/08\\\/arneochdaniel.jpg\",\"datePublished\":\"2018-08-25T11:46:08+00:00\",\"dateModified\":\"2020-10-09T11:03:35+00:00\",\"description\":\"EGN Sverige skriver artiklar och kr\u00f6nikor f\u00f6r att l\u00e5ta dig inspireras till att v\u00e4xa som chef och ledare. Tillsammans g\u00f6r vi varandra b\u00e4ttre genom generositet, gl\u00e4dje, energi och tillit.\",\"breadcrumb\":{\"@id\":\"https:\\\/\\\/egn.com\\\/se\\\/konsten-att-natverka-livet-ut\\\/#breadcrumb\"},\"inLanguage\":\"sv-SE\",\"potentialAction\":[{\"@type\":\"ReadAction\",\"target\":[\"https:\\\/\\\/egn.com\\\/se\\\/konsten-att-natverka-livet-ut\\\/\"]}]},{\"@type\":\"ImageObject\",\"inLanguage\":\"sv-SE\",\"@id\":\"https:\\\/\\\/egn.com\\\/se\\\/konsten-att-natverka-livet-ut\\\/#primaryimage\",\"url\":\"https:\\\/\\\/egn.com\\\/se\\\/wp-content\\\/uploads\\\/sites\\\/6\\\/2020\\\/08\\\/arneochdaniel.jpg\",\"contentUrl\":\"https:\\\/\\\/egn.com\\\/se\\\/wp-content\\\/uploads\\\/sites\\\/6\\\/2020\\\/08\\\/arneochdaniel.jpg\",\"width\":1140,\"height\":480},{\"@type\":\"BreadcrumbList\",\"@id\":\"https:\\\/\\\/egn.com\\\/se\\\/konsten-att-natverka-livet-ut\\\/#breadcrumb\",\"itemListElement\":[{\"@type\":\"ListItem\",\"position\":1,\"name\":\"Hem\",\"item\":\"https:\\\/\\\/egn.com\\\/se\\\/\"},{\"@type\":\"ListItem\",\"position\":2,\"name\":\"Konsten att n\u00e4tverka livet ut\"}]},{\"@type\":\"WebSite\",\"@id\":\"https:\\\/\\\/egn.com\\\/se\\\/#website\",\"url\":\"https:\\\/\\\/egn.com\\\/se\\\/\",\"name\":\"EGN Sverige\",\"description\":\"Professionella n\u00e4tverk f\u00f6r ledare och specialister\",\"publisher\":{\"@id\":\"https:\\\/\\\/egn.com\\\/se\\\/#organization\"},\"potentialAction\":[{\"@type\":\"SearchAction\",\"target\":{\"@type\":\"EntryPoint\",\"urlTemplate\":\"https:\\\/\\\/egn.com\\\/se\\\/?s={search_term_string}\"},\"query-input\":{\"@type\":\"PropertyValueSpecification\",\"valueRequired\":true,\"valueName\":\"search_term_string\"}}],\"inLanguage\":\"sv-SE\"},{\"@type\":\"Organization\",\"@id\":\"https:\\\/\\\/egn.com\\\/se\\\/#organization\",\"name\":\"EGN Sverige\",\"alternateName\":\"EGN\",\"url\":\"https:\\\/\\\/egn.com\\\/se\\\/\",\"logo\":{\"@type\":\"ImageObject\",\"inLanguage\":\"sv-SE\",\"@id\":\"https:\\\/\\\/egn.com\\\/se\\\/#\\\/schema\\\/logo\\\/image\\\/\",\"url\":\"https:\\\/\\\/egn.com\\\/se\\\/wp-content\\\/uploads\\\/sites\\\/6\\\/2026\\\/02\\\/EGN.png\",\"contentUrl\":\"https:\\\/\\\/egn.com\\\/se\\\/wp-content\\\/uploads\\\/sites\\\/6\\\/2026\\\/02\\\/EGN.png\",\"width\":2185,\"height\":699,\"caption\":\"EGN Sverige\"},\"image\":{\"@id\":\"https:\\\/\\\/egn.com\\\/se\\\/#\\\/schema\\\/logo\\\/image\\\/\"},\"sameAs\":[\"https:\\\/\\\/www.facebook.com\\\/egnsverige\\\/\",\"https:\\\/\\\/www.instagram.com\\\/egnsverige\",\"https:\\\/\\\/www.linkedin.com\\\/company\\\/executives-global-network\"],\"description\":\"EGN Sverige \u00e4r Sveriges st\u00f6rsta kompetensn\u00e4tverk f\u00f6r chefer och ledare som vill utveckla sitt ledarskap. Vi jobbar f\u00f6r att chefer och ledare tillsammans ska utvecklas och hj\u00e4lpa varandra med de utmaningar som man st\u00f6ter p\u00e5 i sin profession.\",\"email\":\"info@egn.se\",\"telephone\":\"+468210722\",\"vatID\":\"556739-7905\"},{\"@type\":\"Person\",\"@id\":\"https:\\\/\\\/egn.com\\\/se\\\/#\\\/schema\\\/person\\\/3da3209858548246e07549b3214acdf3\",\"name\":\"teddywestlund\",\"image\":{\"@type\":\"ImageObject\",\"inLanguage\":\"sv-SE\",\"@id\":\"https:\\\/\\\/secure.gravatar.com\\\/avatar\\\/3f51ca2bf516f332935d1c454b54add3cb558a0e74cbe71dbdb762ac63d44e80?s=96&d=mm&r=g\",\"url\":\"https:\\\/\\\/secure.gravatar.com\\\/avatar\\\/3f51ca2bf516f332935d1c454b54add3cb558a0e74cbe71dbdb762ac63d44e80?s=96&d=mm&r=g\",\"contentUrl\":\"https:\\\/\\\/secure.gravatar.com\\\/avatar\\\/3f51ca2bf516f332935d1c454b54add3cb558a0e74cbe71dbdb762ac63d44e80?s=96&d=mm&r=g\",\"caption\":\"teddywestlund\"},\"url\":\"https:\\\/\\\/egn.com\\\/se\\\/author\\\/teddywestlund\\\/\"}]}<\/script>","yoast_head_json":{"title":"Konsten att n\u00e4tverka livet ut | EGN Sverige","description":"EGN Sverige skriver artiklar och kr\u00f6nikor f\u00f6r att l\u00e5ta dig inspireras till att v\u00e4xa som chef och ledare. Tillsammans g\u00f6r vi varandra b\u00e4ttre genom generositet, gl\u00e4dje, energi och tillit.","robots":{"index":"index","follow":"follow","max-snippet":"max-snippet:-1","max-image-preview":"max-image-preview:large","max-video-preview":"max-video-preview:-1"},"canonical":"https:\/\/egn.com\/se\/konsten-att-natverka-livet-ut\/","og_locale":"sv_SE","og_type":"article","og_title":"Konsten att n\u00e4tverka livet ut","og_description":"V\u00e5r f\u00f6rsta medlem n\u00e5gonsin ber\u00e4ttar om sin 10 \u00e5riga resa med n\u00e4tverket,","og_url":"https:\/\/egn.com\/se\/konsten-att-natverka-livet-ut\/","og_site_name":"EGN Sverige","article_publisher":"https:\/\/www.facebook.com\/egnsverige\/","article_published_time":"2018-08-25T11:46:08+00:00","article_modified_time":"2020-10-09T11:03:35+00:00","og_image":[{"width":1140,"height":480,"url":"https:\/\/egn.com\/se\/wp-content\/uploads\/sites\/6\/2020\/08\/arneochdaniel.jpg","type":"image\/jpeg"}],"author":"teddywestlund","twitter_card":"summary_large_image","twitter_misc":{"Skriven av":"teddywestlund","Ber\u00e4knad l\u00e4stid":"3 minuter"},"schema":{"@context":"https:\/\/schema.org","@graph":[{"@type":"Article","@id":"https:\/\/egn.com\/se\/konsten-att-natverka-livet-ut\/#article","isPartOf":{"@id":"https:\/\/egn.com\/se\/konsten-att-natverka-livet-ut\/"},"author":{"name":"teddywestlund","@id":"https:\/\/egn.com\/se\/#\/schema\/person\/3da3209858548246e07549b3214acdf3"},"headline":"Konsten att n\u00e4tverka livet ut","datePublished":"2018-08-25T11:46:08+00:00","dateModified":"2020-10-09T11:03:35+00:00","mainEntityOfPage":{"@id":"https:\/\/egn.com\/se\/konsten-att-natverka-livet-ut\/"},"wordCount":580,"publisher":{"@id":"https:\/\/egn.com\/se\/#organization"},"image":{"@id":"https:\/\/egn.com\/se\/konsten-att-natverka-livet-ut\/#primaryimage"},"thumbnailUrl":"https:\/\/egn.com\/se\/wp-content\/uploads\/sites\/6\/2020\/08\/arneochdaniel.jpg","articleSection":["Insights"],"inLanguage":"sv-SE"},{"@type":"WebPage","@id":"https:\/\/egn.com\/se\/konsten-att-natverka-livet-ut\/","url":"https:\/\/egn.com\/se\/konsten-att-natverka-livet-ut\/","name":"Konsten att n\u00e4tverka livet ut | EGN Sverige","isPartOf":{"@id":"https:\/\/egn.com\/se\/#website"},"primaryImageOfPage":{"@id":"https:\/\/egn.com\/se\/konsten-att-natverka-livet-ut\/#primaryimage"},"image":{"@id":"https:\/\/egn.com\/se\/konsten-att-natverka-livet-ut\/#primaryimage"},"thumbnailUrl":"https:\/\/egn.com\/se\/wp-content\/uploads\/sites\/6\/2020\/08\/arneochdaniel.jpg","datePublished":"2018-08-25T11:46:08+00:00","dateModified":"2020-10-09T11:03:35+00:00","description":"EGN Sverige skriver artiklar och kr\u00f6nikor f\u00f6r att l\u00e5ta dig inspireras till att v\u00e4xa som chef och ledare. Tillsammans g\u00f6r vi varandra b\u00e4ttre genom generositet, gl\u00e4dje, energi och tillit.","breadcrumb":{"@id":"https:\/\/egn.com\/se\/konsten-att-natverka-livet-ut\/#breadcrumb"},"inLanguage":"sv-SE","potentialAction":[{"@type":"ReadAction","target":["https:\/\/egn.com\/se\/konsten-att-natverka-livet-ut\/"]}]},{"@type":"ImageObject","inLanguage":"sv-SE","@id":"https:\/\/egn.com\/se\/konsten-att-natverka-livet-ut\/#primaryimage","url":"https:\/\/egn.com\/se\/wp-content\/uploads\/sites\/6\/2020\/08\/arneochdaniel.jpg","contentUrl":"https:\/\/egn.com\/se\/wp-content\/uploads\/sites\/6\/2020\/08\/arneochdaniel.jpg","width":1140,"height":480},{"@type":"BreadcrumbList","@id":"https:\/\/egn.com\/se\/konsten-att-natverka-livet-ut\/#breadcrumb","itemListElement":[{"@type":"ListItem","position":1,"name":"Hem","item":"https:\/\/egn.com\/se\/"},{"@type":"ListItem","position":2,"name":"Konsten att n\u00e4tverka livet ut"}]},{"@type":"WebSite","@id":"https:\/\/egn.com\/se\/#website","url":"https:\/\/egn.com\/se\/","name":"EGN Sverige","description":"Professionella n\u00e4tverk f\u00f6r ledare och specialister","publisher":{"@id":"https:\/\/egn.com\/se\/#organization"},"potentialAction":[{"@type":"SearchAction","target":{"@type":"EntryPoint","urlTemplate":"https:\/\/egn.com\/se\/?s={search_term_string}"},"query-input":{"@type":"PropertyValueSpecification","valueRequired":true,"valueName":"search_term_string"}}],"inLanguage":"sv-SE"},{"@type":"Organization","@id":"https:\/\/egn.com\/se\/#organization","name":"EGN Sverige","alternateName":"EGN","url":"https:\/\/egn.com\/se\/","logo":{"@type":"ImageObject","inLanguage":"sv-SE","@id":"https:\/\/egn.com\/se\/#\/schema\/logo\/image\/","url":"https:\/\/egn.com\/se\/wp-content\/uploads\/sites\/6\/2026\/02\/EGN.png","contentUrl":"https:\/\/egn.com\/se\/wp-content\/uploads\/sites\/6\/2026\/02\/EGN.png","width":2185,"height":699,"caption":"EGN Sverige"},"image":{"@id":"https:\/\/egn.com\/se\/#\/schema\/logo\/image\/"},"sameAs":["https:\/\/www.facebook.com\/egnsverige\/","https:\/\/www.instagram.com\/egnsverige","https:\/\/www.linkedin.com\/company\/executives-global-network"],"description":"EGN Sverige \u00e4r Sveriges st\u00f6rsta kompetensn\u00e4tverk f\u00f6r chefer och ledare som vill utveckla sitt ledarskap. Vi jobbar f\u00f6r att chefer och ledare tillsammans ska utvecklas och hj\u00e4lpa varandra med de utmaningar som man st\u00f6ter p\u00e5 i sin profession.","email":"info@egn.se","telephone":"+468210722","vatID":"556739-7905"},{"@type":"Person","@id":"https:\/\/egn.com\/se\/#\/schema\/person\/3da3209858548246e07549b3214acdf3","name":"teddywestlund","image":{"@type":"ImageObject","inLanguage":"sv-SE","@id":"https:\/\/secure.gravatar.com\/avatar\/3f51ca2bf516f332935d1c454b54add3cb558a0e74cbe71dbdb762ac63d44e80?s=96&d=mm&r=g","url":"https:\/\/secure.gravatar.com\/avatar\/3f51ca2bf516f332935d1c454b54add3cb558a0e74cbe71dbdb762ac63d44e80?s=96&d=mm&r=g","contentUrl":"https:\/\/secure.gravatar.com\/avatar\/3f51ca2bf516f332935d1c454b54add3cb558a0e74cbe71dbdb762ac63d44e80?s=96&d=mm&r=g","caption":"teddywestlund"},"url":"https:\/\/egn.com\/se\/author\/teddywestlund\/"}]}},"_links":{"self":[{"href":"https:\/\/egn.com\/se\/wp-json\/wp\/v2\/posts\/1255","targetHints":{"allow":["GET"]}}],"collection":[{"href":"https:\/\/egn.com\/se\/wp-json\/wp\/v2\/posts"}],"about":[{"href":"https:\/\/egn.com\/se\/wp-json\/wp\/v2\/types\/post"}],"author":[{"embeddable":true,"href":"https:\/\/egn.com\/se\/wp-json\/wp\/v2\/users\/36"}],"replies":[{"embeddable":true,"href":"https:\/\/egn.com\/se\/wp-json\/wp\/v2\/comments?post=1255"}],"version-history":[{"count":0,"href":"https:\/\/egn.com\/se\/wp-json\/wp\/v2\/posts\/1255\/revisions"}],"wp:featuredmedia":[{"embeddable":true,"href":"https:\/\/egn.com\/se\/wp-json\/wp\/v2\/media\/1256"}],"wp:attachment":[{"href":"https:\/\/egn.com\/se\/wp-json\/wp\/v2\/media?parent=1255"}],"wp:term":[{"taxonomy":"category","embeddable":true,"href":"https:\/\/egn.com\/se\/wp-json\/wp\/v2\/categories?post=1255"},{"taxonomy":"post_tag","embeddable":true,"href":"https:\/\/egn.com\/se\/wp-json\/wp\/v2\/tags?post=1255"}],"curies":[{"name":"wp","href":"https:\/\/api.w.org\/{rel}","templated":true}]}}