{"id":1323,"date":"2019-03-06T14:53:46","date_gmt":"2019-03-06T12:53:46","guid":{"rendered":"https:\/\/egn.com\/se\/?p=1323"},"modified":"2020-10-09T13:03:34","modified_gmt":"2020-10-09T11:03:34","slug":"sverige-saknar-kompetensen-for-att-framtidssakra-sig","status":"publish","type":"post","link":"https:\/\/egn.com\/se\/sverige-saknar-kompetensen-for-att-framtidssakra-sig\/","title":{"rendered":"Sverige saknar kompetensen f\u00f6r att framtidss\u00e4kra sig"},"content":{"rendered":"<h1 class=\"main-title\">Vilka trender ser vi fram\u00e5t?<\/h1>\n<div class=\"col-md-8\">\n<div class=\"node__content\">\n<div class=\"col-md-8\">\n<p>\u201dVi har sett flera allvarliga s\u00e4kerhetsincidenter och de kommer att bli allt fler. Men v\u00e4rlden g\u00e5r inte under av dessa incidenter, det viktiga \u00e4r hur skickligt vi hanterar dem f\u00f6r att minska f\u00f6r\u00f6delsen\u201d. Det sa cybers\u00e4kerhetsexperten \u00c5sa Schwarz n\u00e4r hon m\u00f6tte chefsn\u00e4tverket EGN under ett frukostseminarium i \u00e4mnet cybers\u00e4kerhet \u2013 topp 10 trender inf\u00f6r 2023.<\/p>\n<\/div>\n<p><a href=\"https:\/\/www.linkedin.com\/in\/%C3%A5sa-schwarz-b50b171\" target=\"_blank\" rel=\"noopener noreferrer\">\u00c5sa Schwarz<\/a>\u00a0\u00e4r IT-s\u00e4kerhetskonsult p\u00e5 Knowit Cybersecurity &amp; Law, ett av Nordens st\u00f6rsta bolag p\u00e5 s\u00e4kerhetsomr\u00e5det, med arbetsbeskrivningen att skapa en s\u00e4krare digital milj\u00f6 f\u00f6r Sveriges medborgare. F\u00f6rutom kr\u00f6nik\u00f6r i fackpress och \u00c5rets s\u00e4kerhetsprofil 2017 \u00e4r \u00c5sa f\u00f6rfattare, varav den senaste boken, hackerthrillern\u00a0<em>De sju nycklarna,<\/em>\u00a0blev en julklapp till Sveriges riksdagsledam\u00f6ter med tips f\u00f6r ett cybers\u00e4krare Sverige.<br \/>\nIntresset var stort n\u00e4r chefer fr\u00e5n Sveriges st\u00f6rsta chefsn\u00e4tverk samlades f\u00f6r att h\u00f6ra om trender och faror kring cybers\u00e4kerhet samt om den stora AI-explosionen som v\u00e4ntas under 2019. F\u00f6ljande artikel \u00e4r en summering av \u00c5sas f\u00f6rel\u00e4sning.<\/p>\n<p><strong>Hur ligger Sverige till i sin cybers\u00e4kerhet i j\u00e4mf\u00f6relse med andra l\u00e4nder?<\/strong><br \/>\nSom nation \u00e4r vi oerh\u00f6rt framg\u00e5ngsrika n\u00e4r det kommer till att digitalisera den offentliga och privata sektorn. Vi ligger p\u00e5 topp tre n\u00e4r det g\u00e4ller innovationer och Stockholm har efter Silicon Valley flest antal startups i v\u00e4rlden. Men f\u00e5 pratar om vad det h\u00e4r inneb\u00e4r ur ett s\u00e4kerhetsperspektiv och hur vi m\u00e5ste f\u00f6r\u00e4ndra v\u00e5rt arbetss\u00e4tt, v\u00e5r utbildning och organisation f\u00f6r att h\u00e4nga med i utvecklingen. Vi har ett enormt stort arbete framf\u00f6r oss f\u00f6r att bli lika framg\u00e5ngsrika i v\u00e5rt s\u00e4kerhetst\u00e4nk. Bristen p\u00e5 kompetens \u00e4r ett internationellt problem, i USA saknas till exempel dryga 250 000 s\u00e4kerhetsexperter. Ett land som i nul\u00e4get utm\u00e4rker sig framg\u00e5ngsrikt ur ett s\u00e4kerhetsperspektiv \u00e4r v\u00e5r granne Estland, som efter en katastrofal hackerattack 2007 framg\u00e5ngsrikt byggt upp sin s\u00e4kerhet fr\u00e5n grunden.<\/p>\n<p><strong>Du s\u00e4ger att ALLT handlar om IT, ber\u00e4tta.<\/strong><br \/>\nDet \u00e4r viktigt att vara medveten om att i princip all produktion styrs av IT, alltifr\u00e5n momenten i bilfabriken, till tunnelbanan som styrs av avancerade signalsystem och din tandborste i badrummet som kopplas upp mot internet. N\u00e4r teknik anv\u00e4nds och sk\u00f6ts p\u00e5 r\u00e4tt s\u00e4tt \u00e4r m\u00f6jligheterna o\u00e4ndliga, ta sj\u00e4lvk\u00f6rande fordon som ett exempel. 80 procent av alla trafikolyckor idag sker p\u00e5 grund av m\u00e4nniskors misstag. Dessa skulle vi kunna reducera enormt genom sj\u00e4lvk\u00f6rande fordon, och i Kista har vi redan exempel p\u00e5 sj\u00e4lvk\u00f6rande bussar.<br \/>\nParallellt med m\u00f6jligheterna \u00f6kar f\u00f6rst\u00e5s riskerna, och d\u00e4rf\u00f6r h\u00f6r vi alltmer om risker att kunna hacka bilar, \u00f6vervakningskameror och till och med insatta pacemakers. Problemet \u00e4r inte m\u00f6jligheterna, utan att vi bygger os\u00e4ker infrastruktur och system som d\u00e4rmed g\u00f6r hela samh\u00e4llet os\u00e4kert.<\/p>\n<p><strong>Vi har sett flera allvarliga incidenter de senaste \u00e5ren \u2013 \u00e4r det n\u00e5got vi beh\u00f6ver v\u00e4nja oss vid, menar du?<\/strong><br \/>\nJa, det kommer att ske ganska m\u00e5nga allvarliga s\u00e4kerhetsincidenter de n\u00e4rmaste \u00e5ren, vilket beror p\u00e5 flera saker. Tidigare har produktutvecklare kunnat ha en l\u00e5ng utvecklingsprocess med gener\u00f6s tid f\u00f6r tester. N\u00e4r tv-apparaten kom tog det 50 \u00e5r innan produkten hade en miljard anv\u00e4ndare, f\u00f6r Internet tog det 15 \u00e5r. Idag kan en ny applikation inom loppet av ett par dagar f\u00e5 samma typ av spridning, d\u00e5 produktutvecklare arbetar under en helt annan press att s\u00e5 snabbt som m\u00f6jligt f\u00e5 ut produkter p\u00e5 marknaden. Utvecklingen av tj\u00e4nster, produkter och system \u00f6kar exponentiellt samtidigt som beroenden mellan dem blir alltmer komplexa och m\u00e5nga programmerare helt enkelt saknar kompetens att programmera s\u00e4kert idag. V\u00e4rlden g\u00e5r dock inte under av allvarliga incidenter. Det viktiga \u00e4r hur skickligt vi hanterar dessa incidenter och d\u00e4rmed kan minska effekterna av dem. F\u00f6r att b\u00e5de h\u00f6ja effektivitet och kompetens finns ett stort behov av en central och kraftfull incidenthantering inom offentlig sektor, ist\u00e4llet f\u00f6r att den som idag ligger p\u00e5 olika myndigheter med olika mandat. Detta skulle ocks\u00e5 ge en bra grogrund f\u00f6r att utbilda en ny generation av experter.<\/p>\n<p><strong>Vad ser du som Sveriges st\u00f6rsta s\u00e4kerhetsproblem just nu?<\/strong><br \/>\nKompetensbristen. Vi st\u00e5r idag inf\u00f6r en skenande kompetensbrist inom cybers\u00e4kerhet d\u00e4r antalet experter l\u00e5ngt ifr\u00e5n \u00f6kar i samma takt som efterfr\u00e5gan (+10\u201315 % om \u00e5ret). Det h\u00e4r ser jag i f\u00f6rl\u00e4ngningen som ett av Sveriges st\u00f6rsta s\u00e4kerhetsproblem. Det \u00e4r en traditionell bransch och f\u00e5 organisationer \u00e4r villiga att ta kostnaden eller har m\u00f6jlighet att l\u00e4ra upp en person som kommer direkt fr\u00e5n universitetet till att bli en cybers\u00e4kerhetsexpert. Prognosen \u00e4r faktiskt r\u00e4tt dyster. Vi har bra utbildningar p\u00e5 universitet och h\u00f6gskolor men sedan anst\u00e4lls de inte och f\u00e5r erfarenhet och fortsatt utbildning . Sverige saknar ocks\u00e5 en effektiv central uppf\u00f6ljning av cybers\u00e4kerhet. V\u00e5ra kommuner och landsting visar i en rad olika rapporter brister inom omr\u00e5det. Jag anser att det borde finnas en tydlig uppf\u00f6ljning och m\u00e4tning av s\u00e4kerheten, konsekvenser vid allvarliga brister och m\u00f6jlighet till st\u00f6d f\u00f6r att \u00e5tg\u00e4rda dem.<\/p>\n<p><strong>Hur kan vi d\u00e5 framtidss\u00e4kra v\u00e5r infrastruktur och produkter?<\/strong><br \/>\nUtvecklingen sker tyv\u00e4rr alltf\u00f6r l\u00e5ngsamt. N\u00e4r du k\u00f6per en ny tv-sk\u00e4rm, fr\u00e5gar du som konsument hur s\u00e4ker den \u00e4r? Nej, du utg\u00e5r ju ifr\u00e5n att de stora bolagen har koll. Problemet \u00e4r att n\u00e4r konsumenttrycket f\u00f6r s\u00e4kerhet saknas vill bolagen inte betala f\u00f6r n\u00f6dv\u00e4ndig s\u00e4kerhet i v\u00e5ra produkter. L\u00e4mplig lagstiftning finns inte p\u00e5 plats och d\u00e4rmed st\u00e5r ingen frivilligt f\u00f6r den extra kostnaden. Problemet \u00e4r att kompetensen fortfarande \u00e4r f\u00f6r l\u00e5g. Beslutsfattare m\u00e5ste agera f\u00f6r att s\u00e4tta mer press p\u00e5 produktbolagen och vi beh\u00f6ver f\u00e5 upp kompetensen \u00e4ven inom IT-branschen. I nul\u00e4get saknar m\u00e5nga av landets systemutvecklare kompetensen f\u00f6r att koda s\u00e4kert samtidigt som det \u00e4r sv\u00e5rt att hinna med s\u00e4kerhetstester och framf\u00f6r allt tiden att \u00e5tg\u00e4rda eventuella fel som uppt\u00e4cks.<\/p>\n<p><strong>Du f\u00f6resl\u00e5r IT-s\u00e4kerhetsm\u00e4rkningar f\u00f6r att \u00f6ka produktbolagens ansvar?<\/strong><br \/>\nJa, om vi till exempel har el-s\u00e4kerhetsm\u00e4rkningar (CE), varf\u00f6r har vi d\u00e5 inte IT-s\u00e4kerhetsm\u00e4rkningar? Tillverkarna av produkter som \u00e4r uppkopplade mot n\u00e4tet m\u00e5ste ta ansvar \u2013 och h\u00e5llas ansvariga &#8211; f\u00f6r s\u00e4kerheten i sina produkter. Det \u00e4r inte bara deras kunder som blir drabbade av den d\u00e5liga s\u00e4kerheten, utan hela v\u00e5rt samh\u00e4lle kan uts\u00e4ttas f\u00f6r till exempel DDoS-attacker, vilket vi sett i olika grad gentemot bland annat medieindustrin, n\u00e4r processorkraften i de hackade produkterna anv\u00e4ndes.<\/p>\n<p><strong>Vi ser ju en explosion kring AI. Hur sammanfattar du att s\u00e4kerhetslandskapet kommer att p\u00e5verkas?<\/strong><br \/>\nI \u00e5r kommer det stora AI-genombrottet i Sverige och det g\u00e4ller att s\u00e4tta p\u00e5 sig s\u00e4kerhetsb\u00e4ltet, f\u00f6r nu g\u00e5r det fort. Artificiell intelligens \u00e4r inte l\u00e4ngre science fiction. Den t\u00e5gar med stormsteg in i v\u00e5r vardag, vilket inneb\u00e4r helt nya fr\u00e5gest\u00e4llningar. M\u00e5nga allvarliga incidenter kommer, som jag tidigare n\u00e4mnde, och h\u00e4r \u00e4r det viktigt att veta vilka system man har och vilken arbetsprocess som finns n\u00e4r olyckan sl\u00e5r till. Traditionellt har IT-avdelningar arbetat ganska isolerat. Jag tror att en f\u00f6ruts\u00e4ttning fram\u00e5t \u00e4r att alltmer arbeta i st\u00f6rre, mixade team f\u00f6r att kunna m\u00f6ta de behov vi har och f\u00f6r att omfamna att \u201dallt\u201d handlar om IT.<\/p>\n<p>I och med maskininl\u00e4rning kan vi numera l\u00e4ra upp datorer med hj\u00e4lp av fr\u00e5gor och svar. H\u00e4r dyker helt nya fr\u00e5gor av etisk karakt\u00e4r upp. Vem ska till exempel den sj\u00e4lvk\u00f6rande bilen v\u00e4lja att k\u00f6ra p\u00e5 om den inte hinner bromsa &#8211; barnvagnen p\u00e5 trottoaren eller det gamla paret som g\u00e5r \u00f6ver gatan? Och hur kan vi p\u00e5 ett optimalt och s\u00e4kert s\u00e4tt utnyttja v\u00e5ra v\u00e4gar med sj\u00e4lvk\u00f6rande bilar som kan k\u00f6ra med bara n\u00e5gon decimeters avst\u00e5nd till varandra? Vad inneb\u00e4r detta f\u00f6r kommunala f\u00e4rds\u00e4tt?\u201d<\/p>\n<p><strong><em>EGN \u00e4r Sveriges st\u00f6rsta chefsn\u00e4tverk och h\u00e5ller regelbundet frukostseminarier f\u00f6r ledare, chefer och specialister i Stockholm, G\u00f6teborg och Malm\u00f6.<\/em><em>\u00a0F\u00f6r mer information, kontakta\u00a0<a>fatima.dagdelen@egn.se<\/a>, tel +46 70 405 75 68.<\/em><\/strong><\/p>\n<\/div>\n<\/div>\n","protected":false},"excerpt":{"rendered":"<p>Som nation \u00e4r vi oerh\u00f6rt framg\u00e5ngsrika n\u00e4r det kommer till att digitalisera den offentliga och privata sektorn. Vi ligger p\u00e5 topp tre n\u00e4r det g\u00e4ller innovationer och Stockholm har efter Silicon Valley flest antal startups i v\u00e4rlden.<\/p>\n","protected":false},"author":36,"featured_media":1324,"comment_status":"closed","ping_status":"open","sticky":false,"template":"","format":"standard","meta":{"_acf_changed":false,"footnotes":""},"categories":[11],"tags":[],"class_list":["post-1323","post","type-post","status-publish","format-standard","has-post-thumbnail","hentry","category-insights"],"acf":[],"yoast_head":"<title>Sverige saknar kompetensen f\u00f6r att framtidss\u00e4kra sig | EGN Sverige<\/title>\n<meta name=\"description\" content=\"EGN Sverige skriver artiklar och kr\u00f6nikor f\u00f6r att l\u00e5ta dig inspireras till att v\u00e4xa som chef och ledare. Tillsammans g\u00f6r vi varandra b\u00e4ttre genom generositet, gl\u00e4dje, energi och tillit.\" \/>\n<meta name=\"robots\" content=\"index, follow, max-snippet:-1, max-image-preview:large, max-video-preview:-1\" \/>\n<link rel=\"canonical\" href=\"https:\/\/egn.com\/se\/sverige-saknar-kompetensen-for-att-framtidssakra-sig\/\" \/>\n<meta property=\"og:locale\" content=\"sv_SE\" \/>\n<meta property=\"og:type\" content=\"article\" \/>\n<meta property=\"og:title\" content=\"Sverige saknar kompetensen f\u00f6r att framtidss\u00e4kra sig\" \/>\n<meta property=\"og:description\" content=\"Som nation \u00e4r vi oerh\u00f6rt framg\u00e5ngsrika n\u00e4r det kommer till att digitalisera den offentliga och privata sektorn. Vi ligger p\u00e5 topp tre n\u00e4r det g\u00e4ller innovationer och Stockholm har efter Silicon Valley flest antal startups i v\u00e4rlden.\" \/>\n<meta property=\"og:url\" content=\"https:\/\/egn.com\/se\/sverige-saknar-kompetensen-for-att-framtidssakra-sig\/\" \/>\n<meta property=\"og:site_name\" content=\"EGN Sverige\" \/>\n<meta property=\"article:publisher\" content=\"https:\/\/www.facebook.com\/egnsverige\/\" \/>\n<meta property=\"article:published_time\" content=\"2019-03-06T12:53:46+00:00\" \/>\n<meta property=\"article:modified_time\" content=\"2020-10-09T11:03:34+00:00\" \/>\n<meta property=\"og:image\" content=\"https:\/\/egn.com\/se\/wp-content\/uploads\/sites\/6\/2020\/09\/Asa-Schwarz.jpg\" \/>\n\t<meta property=\"og:image:width\" content=\"1160\" \/>\n\t<meta property=\"og:image:height\" content=\"682\" \/>\n\t<meta property=\"og:image:type\" content=\"image\/jpeg\" \/>\n<meta name=\"author\" content=\"teddywestlund\" \/>\n<meta name=\"twitter:card\" content=\"summary_large_image\" \/>\n<meta name=\"twitter:label1\" content=\"Skriven av\" \/>\n\t<meta name=\"twitter:data1\" content=\"teddywestlund\" \/>\n\t<meta name=\"twitter:label2\" content=\"Ber\u00e4knad l\u00e4stid\" \/>\n\t<meta name=\"twitter:data2\" content=\"7 minuter\" \/>\n<script type=\"application\/ld+json\" class=\"yoast-schema-graph\">{\"@context\":\"https:\\\/\\\/schema.org\",\"@graph\":[{\"@type\":\"Article\",\"@id\":\"https:\\\/\\\/egn.com\\\/se\\\/sverige-saknar-kompetensen-for-att-framtidssakra-sig\\\/#article\",\"isPartOf\":{\"@id\":\"https:\\\/\\\/egn.com\\\/se\\\/sverige-saknar-kompetensen-for-att-framtidssakra-sig\\\/\"},\"author\":{\"name\":\"teddywestlund\",\"@id\":\"https:\\\/\\\/egn.com\\\/se\\\/#\\\/schema\\\/person\\\/3da3209858548246e07549b3214acdf3\"},\"headline\":\"Sverige saknar kompetensen f\u00f6r att framtidss\u00e4kra sig\",\"datePublished\":\"2019-03-06T12:53:46+00:00\",\"dateModified\":\"2020-10-09T11:03:34+00:00\",\"mainEntityOfPage\":{\"@id\":\"https:\\\/\\\/egn.com\\\/se\\\/sverige-saknar-kompetensen-for-att-framtidssakra-sig\\\/\"},\"wordCount\":1496,\"publisher\":{\"@id\":\"https:\\\/\\\/egn.com\\\/se\\\/#organization\"},\"image\":{\"@id\":\"https:\\\/\\\/egn.com\\\/se\\\/sverige-saknar-kompetensen-for-att-framtidssakra-sig\\\/#primaryimage\"},\"thumbnailUrl\":\"https:\\\/\\\/egn.com\\\/se\\\/wp-content\\\/uploads\\\/sites\\\/6\\\/2020\\\/09\\\/Asa-Schwarz.jpg\",\"articleSection\":[\"Insights\"],\"inLanguage\":\"sv-SE\"},{\"@type\":\"WebPage\",\"@id\":\"https:\\\/\\\/egn.com\\\/se\\\/sverige-saknar-kompetensen-for-att-framtidssakra-sig\\\/\",\"url\":\"https:\\\/\\\/egn.com\\\/se\\\/sverige-saknar-kompetensen-for-att-framtidssakra-sig\\\/\",\"name\":\"Sverige saknar kompetensen f\u00f6r att framtidss\u00e4kra sig | EGN Sverige\",\"isPartOf\":{\"@id\":\"https:\\\/\\\/egn.com\\\/se\\\/#website\"},\"primaryImageOfPage\":{\"@id\":\"https:\\\/\\\/egn.com\\\/se\\\/sverige-saknar-kompetensen-for-att-framtidssakra-sig\\\/#primaryimage\"},\"image\":{\"@id\":\"https:\\\/\\\/egn.com\\\/se\\\/sverige-saknar-kompetensen-for-att-framtidssakra-sig\\\/#primaryimage\"},\"thumbnailUrl\":\"https:\\\/\\\/egn.com\\\/se\\\/wp-content\\\/uploads\\\/sites\\\/6\\\/2020\\\/09\\\/Asa-Schwarz.jpg\",\"datePublished\":\"2019-03-06T12:53:46+00:00\",\"dateModified\":\"2020-10-09T11:03:34+00:00\",\"description\":\"EGN Sverige skriver artiklar och kr\u00f6nikor f\u00f6r att l\u00e5ta dig inspireras till att v\u00e4xa som chef och ledare. Tillsammans g\u00f6r vi varandra b\u00e4ttre genom generositet, gl\u00e4dje, energi och tillit.\",\"breadcrumb\":{\"@id\":\"https:\\\/\\\/egn.com\\\/se\\\/sverige-saknar-kompetensen-for-att-framtidssakra-sig\\\/#breadcrumb\"},\"inLanguage\":\"sv-SE\",\"potentialAction\":[{\"@type\":\"ReadAction\",\"target\":[\"https:\\\/\\\/egn.com\\\/se\\\/sverige-saknar-kompetensen-for-att-framtidssakra-sig\\\/\"]}]},{\"@type\":\"ImageObject\",\"inLanguage\":\"sv-SE\",\"@id\":\"https:\\\/\\\/egn.com\\\/se\\\/sverige-saknar-kompetensen-for-att-framtidssakra-sig\\\/#primaryimage\",\"url\":\"https:\\\/\\\/egn.com\\\/se\\\/wp-content\\\/uploads\\\/sites\\\/6\\\/2020\\\/09\\\/Asa-Schwarz.jpg\",\"contentUrl\":\"https:\\\/\\\/egn.com\\\/se\\\/wp-content\\\/uploads\\\/sites\\\/6\\\/2020\\\/09\\\/Asa-Schwarz.jpg\",\"width\":1160,\"height\":682},{\"@type\":\"BreadcrumbList\",\"@id\":\"https:\\\/\\\/egn.com\\\/se\\\/sverige-saknar-kompetensen-for-att-framtidssakra-sig\\\/#breadcrumb\",\"itemListElement\":[{\"@type\":\"ListItem\",\"position\":1,\"name\":\"Hem\",\"item\":\"https:\\\/\\\/egn.com\\\/se\\\/\"},{\"@type\":\"ListItem\",\"position\":2,\"name\":\"Sverige saknar kompetensen f\u00f6r att fram&hellip;\"}]},{\"@type\":\"WebSite\",\"@id\":\"https:\\\/\\\/egn.com\\\/se\\\/#website\",\"url\":\"https:\\\/\\\/egn.com\\\/se\\\/\",\"name\":\"EGN Sverige\",\"description\":\"Professionella n\u00e4tverk f\u00f6r ledare och specialister\",\"publisher\":{\"@id\":\"https:\\\/\\\/egn.com\\\/se\\\/#organization\"},\"potentialAction\":[{\"@type\":\"SearchAction\",\"target\":{\"@type\":\"EntryPoint\",\"urlTemplate\":\"https:\\\/\\\/egn.com\\\/se\\\/?s={search_term_string}\"},\"query-input\":{\"@type\":\"PropertyValueSpecification\",\"valueRequired\":true,\"valueName\":\"search_term_string\"}}],\"inLanguage\":\"sv-SE\"},{\"@type\":\"Organization\",\"@id\":\"https:\\\/\\\/egn.com\\\/se\\\/#organization\",\"name\":\"EGN Sverige\",\"alternateName\":\"EGN\",\"url\":\"https:\\\/\\\/egn.com\\\/se\\\/\",\"logo\":{\"@type\":\"ImageObject\",\"inLanguage\":\"sv-SE\",\"@id\":\"https:\\\/\\\/egn.com\\\/se\\\/#\\\/schema\\\/logo\\\/image\\\/\",\"url\":\"https:\\\/\\\/egn.com\\\/se\\\/wp-content\\\/uploads\\\/sites\\\/6\\\/2026\\\/02\\\/EGN.png\",\"contentUrl\":\"https:\\\/\\\/egn.com\\\/se\\\/wp-content\\\/uploads\\\/sites\\\/6\\\/2026\\\/02\\\/EGN.png\",\"width\":2185,\"height\":699,\"caption\":\"EGN Sverige\"},\"image\":{\"@id\":\"https:\\\/\\\/egn.com\\\/se\\\/#\\\/schema\\\/logo\\\/image\\\/\"},\"sameAs\":[\"https:\\\/\\\/www.facebook.com\\\/egnsverige\\\/\",\"https:\\\/\\\/www.instagram.com\\\/egnsverige\",\"https:\\\/\\\/www.linkedin.com\\\/company\\\/executives-global-network\"],\"description\":\"EGN Sverige \u00e4r Sveriges st\u00f6rsta kompetensn\u00e4tverk f\u00f6r chefer och ledare som vill utveckla sitt ledarskap. Vi jobbar f\u00f6r att chefer och ledare tillsammans ska utvecklas och hj\u00e4lpa varandra med de utmaningar som man st\u00f6ter p\u00e5 i sin profession.\",\"email\":\"info@egn.se\",\"telephone\":\"+468210722\",\"vatID\":\"556739-7905\"},{\"@type\":\"Person\",\"@id\":\"https:\\\/\\\/egn.com\\\/se\\\/#\\\/schema\\\/person\\\/3da3209858548246e07549b3214acdf3\",\"name\":\"teddywestlund\",\"image\":{\"@type\":\"ImageObject\",\"inLanguage\":\"sv-SE\",\"@id\":\"https:\\\/\\\/secure.gravatar.com\\\/avatar\\\/3f51ca2bf516f332935d1c454b54add3cb558a0e74cbe71dbdb762ac63d44e80?s=96&d=mm&r=g\",\"url\":\"https:\\\/\\\/secure.gravatar.com\\\/avatar\\\/3f51ca2bf516f332935d1c454b54add3cb558a0e74cbe71dbdb762ac63d44e80?s=96&d=mm&r=g\",\"contentUrl\":\"https:\\\/\\\/secure.gravatar.com\\\/avatar\\\/3f51ca2bf516f332935d1c454b54add3cb558a0e74cbe71dbdb762ac63d44e80?s=96&d=mm&r=g\",\"caption\":\"teddywestlund\"},\"url\":\"https:\\\/\\\/egn.com\\\/se\\\/author\\\/teddywestlund\\\/\"}]}<\/script>","yoast_head_json":{"title":"Sverige saknar kompetensen f\u00f6r att framtidss\u00e4kra sig | EGN Sverige","description":"EGN Sverige skriver artiklar och kr\u00f6nikor f\u00f6r att l\u00e5ta dig inspireras till att v\u00e4xa som chef och ledare. Tillsammans g\u00f6r vi varandra b\u00e4ttre genom generositet, gl\u00e4dje, energi och tillit.","robots":{"index":"index","follow":"follow","max-snippet":"max-snippet:-1","max-image-preview":"max-image-preview:large","max-video-preview":"max-video-preview:-1"},"canonical":"https:\/\/egn.com\/se\/sverige-saknar-kompetensen-for-att-framtidssakra-sig\/","og_locale":"sv_SE","og_type":"article","og_title":"Sverige saknar kompetensen f\u00f6r att framtidss\u00e4kra sig","og_description":"Som nation \u00e4r vi oerh\u00f6rt framg\u00e5ngsrika n\u00e4r det kommer till att digitalisera den offentliga och privata sektorn. Vi ligger p\u00e5 topp tre n\u00e4r det g\u00e4ller innovationer och Stockholm har efter Silicon Valley flest antal startups i v\u00e4rlden.","og_url":"https:\/\/egn.com\/se\/sverige-saknar-kompetensen-for-att-framtidssakra-sig\/","og_site_name":"EGN Sverige","article_publisher":"https:\/\/www.facebook.com\/egnsverige\/","article_published_time":"2019-03-06T12:53:46+00:00","article_modified_time":"2020-10-09T11:03:34+00:00","og_image":[{"width":1160,"height":682,"url":"https:\/\/egn.com\/se\/wp-content\/uploads\/sites\/6\/2020\/09\/Asa-Schwarz.jpg","type":"image\/jpeg"}],"author":"teddywestlund","twitter_card":"summary_large_image","twitter_misc":{"Skriven av":"teddywestlund","Ber\u00e4knad l\u00e4stid":"7 minuter"},"schema":{"@context":"https:\/\/schema.org","@graph":[{"@type":"Article","@id":"https:\/\/egn.com\/se\/sverige-saknar-kompetensen-for-att-framtidssakra-sig\/#article","isPartOf":{"@id":"https:\/\/egn.com\/se\/sverige-saknar-kompetensen-for-att-framtidssakra-sig\/"},"author":{"name":"teddywestlund","@id":"https:\/\/egn.com\/se\/#\/schema\/person\/3da3209858548246e07549b3214acdf3"},"headline":"Sverige saknar kompetensen f\u00f6r att framtidss\u00e4kra sig","datePublished":"2019-03-06T12:53:46+00:00","dateModified":"2020-10-09T11:03:34+00:00","mainEntityOfPage":{"@id":"https:\/\/egn.com\/se\/sverige-saknar-kompetensen-for-att-framtidssakra-sig\/"},"wordCount":1496,"publisher":{"@id":"https:\/\/egn.com\/se\/#organization"},"image":{"@id":"https:\/\/egn.com\/se\/sverige-saknar-kompetensen-for-att-framtidssakra-sig\/#primaryimage"},"thumbnailUrl":"https:\/\/egn.com\/se\/wp-content\/uploads\/sites\/6\/2020\/09\/Asa-Schwarz.jpg","articleSection":["Insights"],"inLanguage":"sv-SE"},{"@type":"WebPage","@id":"https:\/\/egn.com\/se\/sverige-saknar-kompetensen-for-att-framtidssakra-sig\/","url":"https:\/\/egn.com\/se\/sverige-saknar-kompetensen-for-att-framtidssakra-sig\/","name":"Sverige saknar kompetensen f\u00f6r att framtidss\u00e4kra sig | EGN Sverige","isPartOf":{"@id":"https:\/\/egn.com\/se\/#website"},"primaryImageOfPage":{"@id":"https:\/\/egn.com\/se\/sverige-saknar-kompetensen-for-att-framtidssakra-sig\/#primaryimage"},"image":{"@id":"https:\/\/egn.com\/se\/sverige-saknar-kompetensen-for-att-framtidssakra-sig\/#primaryimage"},"thumbnailUrl":"https:\/\/egn.com\/se\/wp-content\/uploads\/sites\/6\/2020\/09\/Asa-Schwarz.jpg","datePublished":"2019-03-06T12:53:46+00:00","dateModified":"2020-10-09T11:03:34+00:00","description":"EGN Sverige skriver artiklar och kr\u00f6nikor f\u00f6r att l\u00e5ta dig inspireras till att v\u00e4xa som chef och ledare. Tillsammans g\u00f6r vi varandra b\u00e4ttre genom generositet, gl\u00e4dje, energi och tillit.","breadcrumb":{"@id":"https:\/\/egn.com\/se\/sverige-saknar-kompetensen-for-att-framtidssakra-sig\/#breadcrumb"},"inLanguage":"sv-SE","potentialAction":[{"@type":"ReadAction","target":["https:\/\/egn.com\/se\/sverige-saknar-kompetensen-for-att-framtidssakra-sig\/"]}]},{"@type":"ImageObject","inLanguage":"sv-SE","@id":"https:\/\/egn.com\/se\/sverige-saknar-kompetensen-for-att-framtidssakra-sig\/#primaryimage","url":"https:\/\/egn.com\/se\/wp-content\/uploads\/sites\/6\/2020\/09\/Asa-Schwarz.jpg","contentUrl":"https:\/\/egn.com\/se\/wp-content\/uploads\/sites\/6\/2020\/09\/Asa-Schwarz.jpg","width":1160,"height":682},{"@type":"BreadcrumbList","@id":"https:\/\/egn.com\/se\/sverige-saknar-kompetensen-for-att-framtidssakra-sig\/#breadcrumb","itemListElement":[{"@type":"ListItem","position":1,"name":"Hem","item":"https:\/\/egn.com\/se\/"},{"@type":"ListItem","position":2,"name":"Sverige saknar kompetensen f\u00f6r att fram&hellip;"}]},{"@type":"WebSite","@id":"https:\/\/egn.com\/se\/#website","url":"https:\/\/egn.com\/se\/","name":"EGN Sverige","description":"Professionella n\u00e4tverk f\u00f6r ledare och specialister","publisher":{"@id":"https:\/\/egn.com\/se\/#organization"},"potentialAction":[{"@type":"SearchAction","target":{"@type":"EntryPoint","urlTemplate":"https:\/\/egn.com\/se\/?s={search_term_string}"},"query-input":{"@type":"PropertyValueSpecification","valueRequired":true,"valueName":"search_term_string"}}],"inLanguage":"sv-SE"},{"@type":"Organization","@id":"https:\/\/egn.com\/se\/#organization","name":"EGN Sverige","alternateName":"EGN","url":"https:\/\/egn.com\/se\/","logo":{"@type":"ImageObject","inLanguage":"sv-SE","@id":"https:\/\/egn.com\/se\/#\/schema\/logo\/image\/","url":"https:\/\/egn.com\/se\/wp-content\/uploads\/sites\/6\/2026\/02\/EGN.png","contentUrl":"https:\/\/egn.com\/se\/wp-content\/uploads\/sites\/6\/2026\/02\/EGN.png","width":2185,"height":699,"caption":"EGN Sverige"},"image":{"@id":"https:\/\/egn.com\/se\/#\/schema\/logo\/image\/"},"sameAs":["https:\/\/www.facebook.com\/egnsverige\/","https:\/\/www.instagram.com\/egnsverige","https:\/\/www.linkedin.com\/company\/executives-global-network"],"description":"EGN Sverige \u00e4r Sveriges st\u00f6rsta kompetensn\u00e4tverk f\u00f6r chefer och ledare som vill utveckla sitt ledarskap. Vi jobbar f\u00f6r att chefer och ledare tillsammans ska utvecklas och hj\u00e4lpa varandra med de utmaningar som man st\u00f6ter p\u00e5 i sin profession.","email":"info@egn.se","telephone":"+468210722","vatID":"556739-7905"},{"@type":"Person","@id":"https:\/\/egn.com\/se\/#\/schema\/person\/3da3209858548246e07549b3214acdf3","name":"teddywestlund","image":{"@type":"ImageObject","inLanguage":"sv-SE","@id":"https:\/\/secure.gravatar.com\/avatar\/3f51ca2bf516f332935d1c454b54add3cb558a0e74cbe71dbdb762ac63d44e80?s=96&d=mm&r=g","url":"https:\/\/secure.gravatar.com\/avatar\/3f51ca2bf516f332935d1c454b54add3cb558a0e74cbe71dbdb762ac63d44e80?s=96&d=mm&r=g","contentUrl":"https:\/\/secure.gravatar.com\/avatar\/3f51ca2bf516f332935d1c454b54add3cb558a0e74cbe71dbdb762ac63d44e80?s=96&d=mm&r=g","caption":"teddywestlund"},"url":"https:\/\/egn.com\/se\/author\/teddywestlund\/"}]}},"_links":{"self":[{"href":"https:\/\/egn.com\/se\/wp-json\/wp\/v2\/posts\/1323","targetHints":{"allow":["GET"]}}],"collection":[{"href":"https:\/\/egn.com\/se\/wp-json\/wp\/v2\/posts"}],"about":[{"href":"https:\/\/egn.com\/se\/wp-json\/wp\/v2\/types\/post"}],"author":[{"embeddable":true,"href":"https:\/\/egn.com\/se\/wp-json\/wp\/v2\/users\/36"}],"replies":[{"embeddable":true,"href":"https:\/\/egn.com\/se\/wp-json\/wp\/v2\/comments?post=1323"}],"version-history":[{"count":0,"href":"https:\/\/egn.com\/se\/wp-json\/wp\/v2\/posts\/1323\/revisions"}],"wp:featuredmedia":[{"embeddable":true,"href":"https:\/\/egn.com\/se\/wp-json\/wp\/v2\/media\/1324"}],"wp:attachment":[{"href":"https:\/\/egn.com\/se\/wp-json\/wp\/v2\/media?parent=1323"}],"wp:term":[{"taxonomy":"category","embeddable":true,"href":"https:\/\/egn.com\/se\/wp-json\/wp\/v2\/categories?post=1323"},{"taxonomy":"post_tag","embeddable":true,"href":"https:\/\/egn.com\/se\/wp-json\/wp\/v2\/tags?post=1323"}],"curies":[{"name":"wp","href":"https:\/\/api.w.org\/{rel}","templated":true}]}}