{"id":1442,"date":"2019-07-26T13:36:32","date_gmt":"2019-07-26T11:36:32","guid":{"rendered":"https:\/\/egn.com\/se\/?p=1442"},"modified":"2020-10-09T13:00:56","modified_gmt":"2020-10-09T11:00:56","slug":"vinn-tid-och-fa-battre-omvarldsbevakning","status":"publish","type":"post","link":"https:\/\/egn.com\/se\/vinn-tid-och-fa-battre-omvarldsbevakning\/","title":{"rendered":"Vinn tid och f\u00e5 b\u00e4ttre omv\u00e4rldsbevakning"},"content":{"rendered":"<h1 class=\"main-title\">Ett bes\u00f6k i EGN&#8217;s kompetensn\u00e4tverk<\/h1>\n<div class=\"col-md-8\">\n<div class=\"node__content\">\n<div class=\"col-md-8\">\n<div class=\"node__content\">\n<div class=\"col-md-8\">Jag \u00e4r med som flugan p\u00e5 v\u00e4ggen i ett n\u00e4tverksm\u00f6te med en grupp kompetenta HR-chefer i Stockholmsregionen. De representerar mindre och medelstora organisationer fr\u00e5n b\u00e5de privat och offentlig sektor och flera har k\u00e4nt varandra sedan gruppen startades 2014. Gemensamt f\u00f6r dem alla \u00e4r att de investerar i professionella n\u00e4tverksrelationer p\u00e5 djupet.<\/div>\n<\/div>\n<blockquote><p><em>&#8221;Nu n\u00e4r jag ser tillbaka p\u00e5 min tid \u00f6nskar jag att jag kunde ge tillbaka den g\u00e5van till mig sj\u00e4lv \u2013 att prioritera kvalitativt n\u00e4tverkande med andra chefer.&#8221;<\/em><\/p><\/blockquote>\n<p>Maria Sund, gruppens facilitator, har sj\u00e4lv en HR-bakgrund med flera tunga HR-direkt\u00f6rsroller i bagaget f\u00f6r f\u00f6retag som bland annat Arla Foods och LG Electronics. Efter ett antal intensiva \u00e5r valde hon att tillf\u00e4lligt s\u00e4nka farten och ist\u00e4llet studera gestaltmetodik med organisationsinriktning.<\/p>\n<p>&#8211;\u00a0<em>N\u00e4r jag var mitt uppe i mina uppdrag som HR-direkt\u00f6r resonerade jag att jag inte hann investera i professionella utbyten p\u00e5 djupet. Idag ser jag annorlunda p\u00e5 det och \u00f6nskar att jag kunde ge tillbaka den g\u00e5van till mig sj\u00e4lv &#8211; att prioritera att n\u00e4tverka p\u00e5 djupet med andra chefer. I min vardag m\u00f6ter jag regelbundet HR-chefer som gjort ett medvetet val att investera i l\u00e5ngsiktiga utbyten och jag ser vad det gynnar dem, b\u00e5de i yrkesrollen och personligt p\u00e5 konkreta s\u00e4tt. Jag hade tj\u00e4nat b\u00e5de tid och erfarenheter p\u00e5 en s\u00e5dan investering.<\/em><\/p>\n<p>Genom gestaltmetodiken har hon f\u00e5tt nya insikter och verktyg, n\u00e5got hon applicerar som facilitator och n\u00e4tverksledare men \u00e4ven i sin vardag som kollega och medm\u00e4nniska.<\/p>\n<p>&#8211;\u00a0<em>Ett av mina b\u00e4sta verktyg jag f\u00e5tt med mig \u00e4r vad jag kallar f\u00f6r medveten n\u00e4rvaro. Att vara fullt ut n\u00e4rvarande \u00e4r en viktig ingrediens i chefsn\u00e4tverket EGN d\u00e4r jag arbetar som Head of Delivering Passion. I v\u00e5ra m\u00f6ten l\u00e4gger vi g\u00e4rna mobil och dator \u00e5t sidan f\u00f6r att kunna vara s\u00e5 uppm\u00e4rksamma p\u00e5 varandra och utbytet som m\u00f6jligt. Att inleda ett n\u00e4tverksm\u00f6te med en incheckningsfr\u00e5ga hj\u00e4lper b\u00e5de mig och medlemmarna att sl\u00e4ppa taget om det som eventuellt tar v\u00e5rt fokus fr\u00e5n m\u00f6tet,\u00a0<\/em>s\u00e4ger Maria.<\/p>\n<p>Redan fr\u00e5n start \u00e4r hon fullt uppm\u00e4rksam p\u00e5 n\u00e4rvaron i rummet. \u00c4r de inringade behoven och fr\u00e5gest\u00e4llningarna p\u00e5 dagordningen fortfarande de mest aktuella? Finns det n\u00e5gra hinder som g\u00f6r att samtalet inte kommer att bli s\u00e5 \u00f6ppet som m\u00f6jligt? Maria r\u00f6r sig skickligt mellan olika faciliteringstekniker och \u00f6vningar under dagen. \u00c4ven om det h\u00e4r \u00e4r n\u00e4tverksmedlemmar som k\u00e4nner varandra, kr\u00e4vs timing och fink\u00e4nsliga avv\u00e4gningar av henne f\u00f6r att alla ska komma lite djupare i fr\u00e5gest\u00e4llningarna och probleml\u00f6sningarna.<\/p>\n<p>&#8211;\u00a0<em>Det g\u00e4ller att jag inte l\u00e5ter mig begr\u00e4nsas av min agenda utan hela tiden uppm\u00e4rksammar medlemmarnas egentliga behov. N\u00e4r jag leder ett m\u00f6te beh\u00f6ver jag vara fullt n\u00e4rvarande redan fr\u00e5n start. Verkar n\u00e5gon distraherad tycker jag det \u00e4r bra att v\u00e5ga g\u00f6ra det talbart med en direkt fr\u00e5ga som \u201dnu m\u00e4rker jag att vi inte har din uppm\u00e4rksamhet, \u00e4r det n\u00e5got du vill dela och bolla med oss innan vi forts\u00e4tter?\u201d Den \u00e4rligheten kan vara en avg\u00f6rande \u201dtipping point\u201d som g\u00f6r att den ledaren f\u00e5r st\u00f6ttning och r\u00e5d d\u00e4r de verkliga behoven ligger,\u00a0<\/em>s\u00e4ger hon.<\/p>\n<blockquote><p><em>&#8221;Jag f\u00e5r en enorm omv\u00e4rldsbevakning och dessutom en massa fina m\u00f6ten med m\u00e4nniskor.&#8221;<\/em><\/p><\/blockquote>\n<p>N\u00e4r det \u00e4r dags att djupdyka i dagens \u00e4mne\u00a0<em>Ledarskap<\/em>\u00a0delar den st\u00f6rre gruppen upp sig i par f\u00f6r en slags speed-dating. Under tre sittningar \u00e1 12 minuter f\u00e5r alla tillf\u00e4lle att lyfta varsin konkret ledarskapsfr\u00e5ga som ska behandlas. Energin \u00f6kar i rummet. Efter \u00f6vningen utbrister en HR-chef fr\u00e5n ett av de st\u00f6rre logistikbolagen i landet:<\/p>\n<p>&#8211;\u00a0<em>Det h\u00e4r var v\u00e4ldigt givande! Jag har under detta samtal kommit fram till att jag ska ta fram en tydlig och transparent arbetsprocess f\u00f6r hur man leder m\u00e4nniskor ut ur en organisation d\u00e5 deras ledarskap inte fungerar. Vi har lagt det stora fokuset p\u00e5 ing\u00e5ngen i ett f\u00f6retag och beh\u00f6ver nu hj\u00e4lpa till att avdramatisera avslut och snabbare v\u00e4gleda dem som inte landat i r\u00e4tt roll.<\/em><\/p>\n<p>N\u00e4r n\u00e4tverksgruppen avslutar med lunch g\u00f6r de samtidigt en runda och ber\u00e4ttar vad de har f\u00e5tt med sig av dagens samtal och vad som kan appliceras under f\u00f6ljande arbetsveckor. Efter\u00e5t lyckas jag f\u00e5nga Maria f\u00f6r ett par egna minuter, med fr\u00e5gan som dr\u00f6jt kvar i mig efter att ha sett henne in action under fyra intensiva timmar. Vad \u00e4r anledningen till att hon valt att l\u00e4gga s\u00e5 mycket tid av sitt yrkesliv p\u00e5 n\u00e4tverkande?<\/p>\n<p>&#8211;\u00a0<em>Jag f\u00e5r del av en enorm omv\u00e4rldsbevakning och dessutom en massa fina m\u00f6ten med m\u00e4nniskor. Det ger mig en stor tillfredsst\u00e4llelse att se n\u00e4r personer v\u00e4ljer att ta ett steg vidare i tillit och \u00f6ppenhet, vilket sker i m\u00e5nga av v\u00e5ra samtal. Och n\u00e4r niv\u00e5n av \u00e4rlighet \u00e4r stor redan i b\u00f6rjan av ett m\u00f6te, brukar det vara en avg\u00f6rande faktor f\u00f6r hela det fortsatta erfarenhetsutbytet och kvaliteten p\u00e5 det m\u00f6tet.<\/em><\/p>\n<\/div>\n<\/div>\n<\/div>\n","protected":false},"excerpt":{"rendered":"<p>Redan fr\u00e5n start \u00e4r hon fullt uppm\u00e4rksam p\u00e5 n\u00e4rvaron i rummet. \u00c4r de inringade behoven och fr\u00e5gest\u00e4llningarna p\u00e5 dagordningen fortfarande de mest aktuella?<\/p>\n","protected":false},"author":36,"featured_media":1443,"comment_status":"closed","ping_status":"open","sticky":false,"template":"","format":"standard","meta":{"_acf_changed":false,"footnotes":""},"categories":[11],"tags":[],"class_list":["post-1442","post","type-post","status-publish","format-standard","has-post-thumbnail","hentry","category-insights"],"acf":[],"yoast_head":"<title>Vinn tid och f\u00e5 b\u00e4ttre omv\u00e4rldsbevakning | EGN Sverige<\/title>\n<meta name=\"description\" content=\"EGN Sverige skriver artiklar och kr\u00f6nikor f\u00f6r att l\u00e5ta dig inspireras till att v\u00e4xa som chef och ledare. Tillsammans g\u00f6r vi varandra b\u00e4ttre genom generositet, gl\u00e4dje, energi och tillit.\" \/>\n<meta name=\"robots\" content=\"index, follow, max-snippet:-1, max-image-preview:large, max-video-preview:-1\" \/>\n<link rel=\"canonical\" href=\"https:\/\/egn.com\/se\/vinn-tid-och-fa-battre-omvarldsbevakning\/\" \/>\n<meta property=\"og:locale\" content=\"sv_SE\" \/>\n<meta property=\"og:type\" content=\"article\" \/>\n<meta property=\"og:title\" content=\"Vinn tid och f\u00e5 b\u00e4ttre omv\u00e4rldsbevakning\" \/>\n<meta property=\"og:description\" content=\"Redan fr\u00e5n start \u00e4r hon fullt uppm\u00e4rksam p\u00e5 n\u00e4rvaron i rummet. \u00c4r de inringade behoven och fr\u00e5gest\u00e4llningarna p\u00e5 dagordningen fortfarande de mest aktuella?\" \/>\n<meta property=\"og:url\" content=\"https:\/\/egn.com\/se\/vinn-tid-och-fa-battre-omvarldsbevakning\/\" \/>\n<meta property=\"og:site_name\" content=\"EGN Sverige\" \/>\n<meta property=\"article:publisher\" content=\"https:\/\/www.facebook.com\/egnsverige\/\" \/>\n<meta property=\"article:published_time\" content=\"2019-07-26T11:36:32+00:00\" \/>\n<meta property=\"article:modified_time\" content=\"2020-10-09T11:00:56+00:00\" \/>\n<meta property=\"og:image\" content=\"https:\/\/egn.com\/se\/wp-content\/uploads\/sites\/6\/2020\/09\/Skarmavbild-2020-09-03-kl.-13.35.30-1024x679.png\" \/>\n\t<meta property=\"og:image:width\" content=\"1024\" \/>\n\t<meta property=\"og:image:height\" content=\"679\" \/>\n\t<meta property=\"og:image:type\" content=\"image\/png\" \/>\n<meta name=\"author\" content=\"teddywestlund\" \/>\n<meta name=\"twitter:card\" content=\"summary_large_image\" \/>\n<meta name=\"twitter:label1\" content=\"Skriven av\" \/>\n\t<meta name=\"twitter:data1\" content=\"teddywestlund\" \/>\n\t<meta name=\"twitter:label2\" content=\"Ber\u00e4knad l\u00e4stid\" \/>\n\t<meta name=\"twitter:data2\" content=\"5 minuter\" \/>\n<script type=\"application\/ld+json\" class=\"yoast-schema-graph\">{\"@context\":\"https:\\\/\\\/schema.org\",\"@graph\":[{\"@type\":\"Article\",\"@id\":\"https:\\\/\\\/egn.com\\\/se\\\/vinn-tid-och-fa-battre-omvarldsbevakning\\\/#article\",\"isPartOf\":{\"@id\":\"https:\\\/\\\/egn.com\\\/se\\\/vinn-tid-och-fa-battre-omvarldsbevakning\\\/\"},\"author\":{\"name\":\"teddywestlund\",\"@id\":\"https:\\\/\\\/egn.com\\\/se\\\/#\\\/schema\\\/person\\\/3da3209858548246e07549b3214acdf3\"},\"headline\":\"Vinn tid och f\u00e5 b\u00e4ttre omv\u00e4rldsbevakning\",\"datePublished\":\"2019-07-26T11:36:32+00:00\",\"dateModified\":\"2020-10-09T11:00:56+00:00\",\"mainEntityOfPage\":{\"@id\":\"https:\\\/\\\/egn.com\\\/se\\\/vinn-tid-och-fa-battre-omvarldsbevakning\\\/\"},\"wordCount\":945,\"publisher\":{\"@id\":\"https:\\\/\\\/egn.com\\\/se\\\/#organization\"},\"image\":{\"@id\":\"https:\\\/\\\/egn.com\\\/se\\\/vinn-tid-och-fa-battre-omvarldsbevakning\\\/#primaryimage\"},\"thumbnailUrl\":\"https:\\\/\\\/egn.com\\\/se\\\/wp-content\\\/uploads\\\/sites\\\/6\\\/2020\\\/09\\\/Skarmavbild-2020-09-03-kl.-13.35.30.png\",\"articleSection\":[\"Insights\"],\"inLanguage\":\"sv-SE\"},{\"@type\":\"WebPage\",\"@id\":\"https:\\\/\\\/egn.com\\\/se\\\/vinn-tid-och-fa-battre-omvarldsbevakning\\\/\",\"url\":\"https:\\\/\\\/egn.com\\\/se\\\/vinn-tid-och-fa-battre-omvarldsbevakning\\\/\",\"name\":\"Vinn tid och f\u00e5 b\u00e4ttre omv\u00e4rldsbevakning | EGN Sverige\",\"isPartOf\":{\"@id\":\"https:\\\/\\\/egn.com\\\/se\\\/#website\"},\"primaryImageOfPage\":{\"@id\":\"https:\\\/\\\/egn.com\\\/se\\\/vinn-tid-och-fa-battre-omvarldsbevakning\\\/#primaryimage\"},\"image\":{\"@id\":\"https:\\\/\\\/egn.com\\\/se\\\/vinn-tid-och-fa-battre-omvarldsbevakning\\\/#primaryimage\"},\"thumbnailUrl\":\"https:\\\/\\\/egn.com\\\/se\\\/wp-content\\\/uploads\\\/sites\\\/6\\\/2020\\\/09\\\/Skarmavbild-2020-09-03-kl.-13.35.30.png\",\"datePublished\":\"2019-07-26T11:36:32+00:00\",\"dateModified\":\"2020-10-09T11:00:56+00:00\",\"description\":\"EGN Sverige skriver artiklar och kr\u00f6nikor f\u00f6r att l\u00e5ta dig inspireras till att v\u00e4xa som chef och ledare. Tillsammans g\u00f6r vi varandra b\u00e4ttre genom generositet, gl\u00e4dje, energi och tillit.\",\"breadcrumb\":{\"@id\":\"https:\\\/\\\/egn.com\\\/se\\\/vinn-tid-och-fa-battre-omvarldsbevakning\\\/#breadcrumb\"},\"inLanguage\":\"sv-SE\",\"potentialAction\":[{\"@type\":\"ReadAction\",\"target\":[\"https:\\\/\\\/egn.com\\\/se\\\/vinn-tid-och-fa-battre-omvarldsbevakning\\\/\"]}]},{\"@type\":\"ImageObject\",\"inLanguage\":\"sv-SE\",\"@id\":\"https:\\\/\\\/egn.com\\\/se\\\/vinn-tid-och-fa-battre-omvarldsbevakning\\\/#primaryimage\",\"url\":\"https:\\\/\\\/egn.com\\\/se\\\/wp-content\\\/uploads\\\/sites\\\/6\\\/2020\\\/09\\\/Skarmavbild-2020-09-03-kl.-13.35.30.png\",\"contentUrl\":\"https:\\\/\\\/egn.com\\\/se\\\/wp-content\\\/uploads\\\/sites\\\/6\\\/2020\\\/09\\\/Skarmavbild-2020-09-03-kl.-13.35.30.png\",\"width\":2276,\"height\":1510},{\"@type\":\"BreadcrumbList\",\"@id\":\"https:\\\/\\\/egn.com\\\/se\\\/vinn-tid-och-fa-battre-omvarldsbevakning\\\/#breadcrumb\",\"itemListElement\":[{\"@type\":\"ListItem\",\"position\":1,\"name\":\"Hem\",\"item\":\"https:\\\/\\\/egn.com\\\/se\\\/\"},{\"@type\":\"ListItem\",\"position\":2,\"name\":\"Vinn tid och f\u00e5 b\u00e4ttre omv\u00e4rldsbevakn&hellip;\"}]},{\"@type\":\"WebSite\",\"@id\":\"https:\\\/\\\/egn.com\\\/se\\\/#website\",\"url\":\"https:\\\/\\\/egn.com\\\/se\\\/\",\"name\":\"EGN Sverige\",\"description\":\"Professionella n\u00e4tverk f\u00f6r ledare och specialister\",\"publisher\":{\"@id\":\"https:\\\/\\\/egn.com\\\/se\\\/#organization\"},\"potentialAction\":[{\"@type\":\"SearchAction\",\"target\":{\"@type\":\"EntryPoint\",\"urlTemplate\":\"https:\\\/\\\/egn.com\\\/se\\\/?s={search_term_string}\"},\"query-input\":{\"@type\":\"PropertyValueSpecification\",\"valueRequired\":true,\"valueName\":\"search_term_string\"}}],\"inLanguage\":\"sv-SE\"},{\"@type\":\"Organization\",\"@id\":\"https:\\\/\\\/egn.com\\\/se\\\/#organization\",\"name\":\"EGN Sverige\",\"alternateName\":\"EGN\",\"url\":\"https:\\\/\\\/egn.com\\\/se\\\/\",\"logo\":{\"@type\":\"ImageObject\",\"inLanguage\":\"sv-SE\",\"@id\":\"https:\\\/\\\/egn.com\\\/se\\\/#\\\/schema\\\/logo\\\/image\\\/\",\"url\":\"https:\\\/\\\/egn.com\\\/se\\\/wp-content\\\/uploads\\\/sites\\\/6\\\/2026\\\/02\\\/EGN.png\",\"contentUrl\":\"https:\\\/\\\/egn.com\\\/se\\\/wp-content\\\/uploads\\\/sites\\\/6\\\/2026\\\/02\\\/EGN.png\",\"width\":2185,\"height\":699,\"caption\":\"EGN Sverige\"},\"image\":{\"@id\":\"https:\\\/\\\/egn.com\\\/se\\\/#\\\/schema\\\/logo\\\/image\\\/\"},\"sameAs\":[\"https:\\\/\\\/www.facebook.com\\\/egnsverige\\\/\",\"https:\\\/\\\/www.instagram.com\\\/egnsverige\",\"https:\\\/\\\/www.linkedin.com\\\/company\\\/executives-global-network\"],\"description\":\"EGN Sverige \u00e4r Sveriges st\u00f6rsta kompetensn\u00e4tverk f\u00f6r chefer och ledare som vill utveckla sitt ledarskap. Vi jobbar f\u00f6r att chefer och ledare tillsammans ska utvecklas och hj\u00e4lpa varandra med de utmaningar som man st\u00f6ter p\u00e5 i sin profession.\",\"email\":\"info@egn.se\",\"telephone\":\"+468210722\",\"vatID\":\"556739-7905\"},{\"@type\":\"Person\",\"@id\":\"https:\\\/\\\/egn.com\\\/se\\\/#\\\/schema\\\/person\\\/3da3209858548246e07549b3214acdf3\",\"name\":\"teddywestlund\",\"image\":{\"@type\":\"ImageObject\",\"inLanguage\":\"sv-SE\",\"@id\":\"https:\\\/\\\/secure.gravatar.com\\\/avatar\\\/3f51ca2bf516f332935d1c454b54add3cb558a0e74cbe71dbdb762ac63d44e80?s=96&d=mm&r=g\",\"url\":\"https:\\\/\\\/secure.gravatar.com\\\/avatar\\\/3f51ca2bf516f332935d1c454b54add3cb558a0e74cbe71dbdb762ac63d44e80?s=96&d=mm&r=g\",\"contentUrl\":\"https:\\\/\\\/secure.gravatar.com\\\/avatar\\\/3f51ca2bf516f332935d1c454b54add3cb558a0e74cbe71dbdb762ac63d44e80?s=96&d=mm&r=g\",\"caption\":\"teddywestlund\"},\"url\":\"https:\\\/\\\/egn.com\\\/se\\\/author\\\/teddywestlund\\\/\"}]}<\/script>","yoast_head_json":{"title":"Vinn tid och f\u00e5 b\u00e4ttre omv\u00e4rldsbevakning | EGN Sverige","description":"EGN Sverige skriver artiklar och kr\u00f6nikor f\u00f6r att l\u00e5ta dig inspireras till att v\u00e4xa som chef och ledare. Tillsammans g\u00f6r vi varandra b\u00e4ttre genom generositet, gl\u00e4dje, energi och tillit.","robots":{"index":"index","follow":"follow","max-snippet":"max-snippet:-1","max-image-preview":"max-image-preview:large","max-video-preview":"max-video-preview:-1"},"canonical":"https:\/\/egn.com\/se\/vinn-tid-och-fa-battre-omvarldsbevakning\/","og_locale":"sv_SE","og_type":"article","og_title":"Vinn tid och f\u00e5 b\u00e4ttre omv\u00e4rldsbevakning","og_description":"Redan fr\u00e5n start \u00e4r hon fullt uppm\u00e4rksam p\u00e5 n\u00e4rvaron i rummet. \u00c4r de inringade behoven och fr\u00e5gest\u00e4llningarna p\u00e5 dagordningen fortfarande de mest aktuella?","og_url":"https:\/\/egn.com\/se\/vinn-tid-och-fa-battre-omvarldsbevakning\/","og_site_name":"EGN Sverige","article_publisher":"https:\/\/www.facebook.com\/egnsverige\/","article_published_time":"2019-07-26T11:36:32+00:00","article_modified_time":"2020-10-09T11:00:56+00:00","og_image":[{"width":1024,"height":679,"url":"https:\/\/egn.com\/se\/wp-content\/uploads\/sites\/6\/2020\/09\/Skarmavbild-2020-09-03-kl.-13.35.30-1024x679.png","type":"image\/png"}],"author":"teddywestlund","twitter_card":"summary_large_image","twitter_misc":{"Skriven av":"teddywestlund","Ber\u00e4knad l\u00e4stid":"5 minuter"},"schema":{"@context":"https:\/\/schema.org","@graph":[{"@type":"Article","@id":"https:\/\/egn.com\/se\/vinn-tid-och-fa-battre-omvarldsbevakning\/#article","isPartOf":{"@id":"https:\/\/egn.com\/se\/vinn-tid-och-fa-battre-omvarldsbevakning\/"},"author":{"name":"teddywestlund","@id":"https:\/\/egn.com\/se\/#\/schema\/person\/3da3209858548246e07549b3214acdf3"},"headline":"Vinn tid och f\u00e5 b\u00e4ttre omv\u00e4rldsbevakning","datePublished":"2019-07-26T11:36:32+00:00","dateModified":"2020-10-09T11:00:56+00:00","mainEntityOfPage":{"@id":"https:\/\/egn.com\/se\/vinn-tid-och-fa-battre-omvarldsbevakning\/"},"wordCount":945,"publisher":{"@id":"https:\/\/egn.com\/se\/#organization"},"image":{"@id":"https:\/\/egn.com\/se\/vinn-tid-och-fa-battre-omvarldsbevakning\/#primaryimage"},"thumbnailUrl":"https:\/\/egn.com\/se\/wp-content\/uploads\/sites\/6\/2020\/09\/Skarmavbild-2020-09-03-kl.-13.35.30.png","articleSection":["Insights"],"inLanguage":"sv-SE"},{"@type":"WebPage","@id":"https:\/\/egn.com\/se\/vinn-tid-och-fa-battre-omvarldsbevakning\/","url":"https:\/\/egn.com\/se\/vinn-tid-och-fa-battre-omvarldsbevakning\/","name":"Vinn tid och f\u00e5 b\u00e4ttre omv\u00e4rldsbevakning | EGN Sverige","isPartOf":{"@id":"https:\/\/egn.com\/se\/#website"},"primaryImageOfPage":{"@id":"https:\/\/egn.com\/se\/vinn-tid-och-fa-battre-omvarldsbevakning\/#primaryimage"},"image":{"@id":"https:\/\/egn.com\/se\/vinn-tid-och-fa-battre-omvarldsbevakning\/#primaryimage"},"thumbnailUrl":"https:\/\/egn.com\/se\/wp-content\/uploads\/sites\/6\/2020\/09\/Skarmavbild-2020-09-03-kl.-13.35.30.png","datePublished":"2019-07-26T11:36:32+00:00","dateModified":"2020-10-09T11:00:56+00:00","description":"EGN Sverige skriver artiklar och kr\u00f6nikor f\u00f6r att l\u00e5ta dig inspireras till att v\u00e4xa som chef och ledare. Tillsammans g\u00f6r vi varandra b\u00e4ttre genom generositet, gl\u00e4dje, energi och tillit.","breadcrumb":{"@id":"https:\/\/egn.com\/se\/vinn-tid-och-fa-battre-omvarldsbevakning\/#breadcrumb"},"inLanguage":"sv-SE","potentialAction":[{"@type":"ReadAction","target":["https:\/\/egn.com\/se\/vinn-tid-och-fa-battre-omvarldsbevakning\/"]}]},{"@type":"ImageObject","inLanguage":"sv-SE","@id":"https:\/\/egn.com\/se\/vinn-tid-och-fa-battre-omvarldsbevakning\/#primaryimage","url":"https:\/\/egn.com\/se\/wp-content\/uploads\/sites\/6\/2020\/09\/Skarmavbild-2020-09-03-kl.-13.35.30.png","contentUrl":"https:\/\/egn.com\/se\/wp-content\/uploads\/sites\/6\/2020\/09\/Skarmavbild-2020-09-03-kl.-13.35.30.png","width":2276,"height":1510},{"@type":"BreadcrumbList","@id":"https:\/\/egn.com\/se\/vinn-tid-och-fa-battre-omvarldsbevakning\/#breadcrumb","itemListElement":[{"@type":"ListItem","position":1,"name":"Hem","item":"https:\/\/egn.com\/se\/"},{"@type":"ListItem","position":2,"name":"Vinn tid och f\u00e5 b\u00e4ttre omv\u00e4rldsbevakn&hellip;"}]},{"@type":"WebSite","@id":"https:\/\/egn.com\/se\/#website","url":"https:\/\/egn.com\/se\/","name":"EGN Sverige","description":"Professionella n\u00e4tverk f\u00f6r ledare och specialister","publisher":{"@id":"https:\/\/egn.com\/se\/#organization"},"potentialAction":[{"@type":"SearchAction","target":{"@type":"EntryPoint","urlTemplate":"https:\/\/egn.com\/se\/?s={search_term_string}"},"query-input":{"@type":"PropertyValueSpecification","valueRequired":true,"valueName":"search_term_string"}}],"inLanguage":"sv-SE"},{"@type":"Organization","@id":"https:\/\/egn.com\/se\/#organization","name":"EGN Sverige","alternateName":"EGN","url":"https:\/\/egn.com\/se\/","logo":{"@type":"ImageObject","inLanguage":"sv-SE","@id":"https:\/\/egn.com\/se\/#\/schema\/logo\/image\/","url":"https:\/\/egn.com\/se\/wp-content\/uploads\/sites\/6\/2026\/02\/EGN.png","contentUrl":"https:\/\/egn.com\/se\/wp-content\/uploads\/sites\/6\/2026\/02\/EGN.png","width":2185,"height":699,"caption":"EGN Sverige"},"image":{"@id":"https:\/\/egn.com\/se\/#\/schema\/logo\/image\/"},"sameAs":["https:\/\/www.facebook.com\/egnsverige\/","https:\/\/www.instagram.com\/egnsverige","https:\/\/www.linkedin.com\/company\/executives-global-network"],"description":"EGN Sverige \u00e4r Sveriges st\u00f6rsta kompetensn\u00e4tverk f\u00f6r chefer och ledare som vill utveckla sitt ledarskap. Vi jobbar f\u00f6r att chefer och ledare tillsammans ska utvecklas och hj\u00e4lpa varandra med de utmaningar som man st\u00f6ter p\u00e5 i sin profession.","email":"info@egn.se","telephone":"+468210722","vatID":"556739-7905"},{"@type":"Person","@id":"https:\/\/egn.com\/se\/#\/schema\/person\/3da3209858548246e07549b3214acdf3","name":"teddywestlund","image":{"@type":"ImageObject","inLanguage":"sv-SE","@id":"https:\/\/secure.gravatar.com\/avatar\/3f51ca2bf516f332935d1c454b54add3cb558a0e74cbe71dbdb762ac63d44e80?s=96&d=mm&r=g","url":"https:\/\/secure.gravatar.com\/avatar\/3f51ca2bf516f332935d1c454b54add3cb558a0e74cbe71dbdb762ac63d44e80?s=96&d=mm&r=g","contentUrl":"https:\/\/secure.gravatar.com\/avatar\/3f51ca2bf516f332935d1c454b54add3cb558a0e74cbe71dbdb762ac63d44e80?s=96&d=mm&r=g","caption":"teddywestlund"},"url":"https:\/\/egn.com\/se\/author\/teddywestlund\/"}]}},"_links":{"self":[{"href":"https:\/\/egn.com\/se\/wp-json\/wp\/v2\/posts\/1442","targetHints":{"allow":["GET"]}}],"collection":[{"href":"https:\/\/egn.com\/se\/wp-json\/wp\/v2\/posts"}],"about":[{"href":"https:\/\/egn.com\/se\/wp-json\/wp\/v2\/types\/post"}],"author":[{"embeddable":true,"href":"https:\/\/egn.com\/se\/wp-json\/wp\/v2\/users\/36"}],"replies":[{"embeddable":true,"href":"https:\/\/egn.com\/se\/wp-json\/wp\/v2\/comments?post=1442"}],"version-history":[{"count":0,"href":"https:\/\/egn.com\/se\/wp-json\/wp\/v2\/posts\/1442\/revisions"}],"wp:featuredmedia":[{"embeddable":true,"href":"https:\/\/egn.com\/se\/wp-json\/wp\/v2\/media\/1443"}],"wp:attachment":[{"href":"https:\/\/egn.com\/se\/wp-json\/wp\/v2\/media?parent=1442"}],"wp:term":[{"taxonomy":"category","embeddable":true,"href":"https:\/\/egn.com\/se\/wp-json\/wp\/v2\/categories?post=1442"},{"taxonomy":"post_tag","embeddable":true,"href":"https:\/\/egn.com\/se\/wp-json\/wp\/v2\/tags?post=1442"}],"curies":[{"name":"wp","href":"https:\/\/api.w.org\/{rel}","templated":true}]}}