{"id":2164,"date":"2020-04-29T10:12:08","date_gmt":"2020-04-29T08:12:08","guid":{"rendered":"https:\/\/egn.com\/se\/?p=2164"},"modified":"2020-10-13T10:51:48","modified_gmt":"2020-10-13T08:51:48","slug":"podcast-respekt-ansvarstagande-mod-renata-chlumska","status":"publish","type":"post","link":"https:\/\/egn.com\/se\/podcast-respekt-ansvarstagande-mod-renata-chlumska\/","title":{"rendered":"Podcast &#8211; Respekt, ansvarstagande &amp; mod, Renata Chlumska"},"content":{"rendered":"<p>Vad g\u00f6r man n\u00e4r det som inte f\u00e5r h\u00e4nda h\u00e4nder? Hur utvecklas vi genom motg\u00e5ngar och varf\u00f6r \u00e4r motg\u00e5ng en framg\u00e5ngsfaktor? Detta och mer utforskar Daniel Stenmark i samtal med Renata Chlumska som \u00e4r en av Sveriges st\u00f6rsta \u00e4ventyrare. Hon har bland annat som f\u00f6rsta svenska och tjeckiska bestigit v\u00e4rldens h\u00f6gsta berg p\u00e5 alla kontinenter.<\/p>\n<p><a href=\"https:\/\/player.acast.com\/5e60f86990c5f6bd05f7dd8d\/episodes\/respekt-ansvarstagande-mod-renata-chlumska?theme=default&#038;cover=1&#038;latest=1\">https:\/\/player.acast.com\/5e60f86990c5f6bd05f7dd8d\/episodes\/respekt-ansvarstagande-mod-renata-chlumska?theme=default&amp;cover=1&amp;latest=1<\/a><\/p>\n<p>&nbsp;<\/p>\n","protected":false},"excerpt":{"rendered":"<p>Vad g\u00f6r man n\u00e4r det som inte f\u00e5r h\u00e4nda h\u00e4nder? Hur utvecklas vi genom motg\u00e5ngar och varf\u00f6r \u00e4r motg\u00e5ng en framg\u00e5ngsfaktor? Detta och mer utforskar Daniel Stenmark i samtal med Renata Chlumska som \u00e4r en av Sveriges st\u00f6rsta \u00e4ventyrare.<\/p>\n","protected":false},"author":36,"featured_media":2276,"comment_status":"closed","ping_status":"open","sticky":false,"template":"","format":"standard","meta":{"_acf_changed":false,"footnotes":""},"categories":[12],"tags":[],"class_list":["post-2164","post","type-post","status-publish","format-standard","has-post-thumbnail","hentry","category-podcast"],"acf":[],"yoast_head":"<title>Podcast - Respekt, ansvarstagande &amp; mod, Renata Chlumska | EGN Sverige<\/title>\n<meta name=\"description\" content=\"EGN Sverige skriver artiklar och kr\u00f6nikor f\u00f6r att l\u00e5ta dig inspireras till att v\u00e4xa som chef och ledare. Tillsammans g\u00f6r vi varandra b\u00e4ttre genom generositet, gl\u00e4dje, energi och tillit.\" \/>\n<meta name=\"robots\" content=\"index, follow, max-snippet:-1, max-image-preview:large, max-video-preview:-1\" \/>\n<link rel=\"canonical\" href=\"https:\/\/egn.com\/se\/podcast-respekt-ansvarstagande-mod-renata-chlumska\/\" \/>\n<meta property=\"og:locale\" content=\"sv_SE\" \/>\n<meta property=\"og:type\" content=\"article\" \/>\n<meta property=\"og:title\" content=\"Podcast - Respekt, ansvarstagande &amp; mod, Renata Chlumska\" \/>\n<meta property=\"og:description\" content=\"Vad g\u00f6r man n\u00e4r det som inte f\u00e5r h\u00e4nda h\u00e4nder? Hur utvecklas vi genom motg\u00e5ngar och varf\u00f6r \u00e4r motg\u00e5ng en framg\u00e5ngsfaktor? Detta och mer utforskar Daniel Stenmark i samtal med Renata Chlumska som \u00e4r en av Sveriges st\u00f6rsta \u00e4ventyrare.\" \/>\n<meta property=\"og:url\" content=\"https:\/\/egn.com\/se\/podcast-respekt-ansvarstagande-mod-renata-chlumska\/\" \/>\n<meta property=\"og:site_name\" content=\"EGN Sverige\" \/>\n<meta property=\"article:publisher\" content=\"https:\/\/www.facebook.com\/egnsverige\/\" \/>\n<meta property=\"article:published_time\" content=\"2020-04-29T08:12:08+00:00\" \/>\n<meta property=\"article:modified_time\" content=\"2020-10-13T08:51:48+00:00\" \/>\n<meta property=\"og:image\" content=\"https:\/\/egn.com\/se\/wp-content\/uploads\/sites\/6\/2020\/04\/img_0754.jpg\" \/>\n\t<meta property=\"og:image:width\" content=\"2808\" \/>\n\t<meta property=\"og:image:height\" content=\"1872\" \/>\n\t<meta property=\"og:image:type\" content=\"image\/jpeg\" \/>\n<meta name=\"author\" content=\"teddywestlund\" \/>\n<meta name=\"twitter:card\" content=\"summary_large_image\" \/>\n<meta name=\"twitter:label1\" content=\"Skriven av\" \/>\n\t<meta name=\"twitter:data1\" content=\"teddywestlund\" \/>\n<script type=\"application\/ld+json\" class=\"yoast-schema-graph\">{\"@context\":\"https:\\\/\\\/schema.org\",\"@graph\":[{\"@type\":\"Article\",\"@id\":\"https:\\\/\\\/egn.com\\\/se\\\/podcast-respekt-ansvarstagande-mod-renata-chlumska\\\/#article\",\"isPartOf\":{\"@id\":\"https:\\\/\\\/egn.com\\\/se\\\/podcast-respekt-ansvarstagande-mod-renata-chlumska\\\/\"},\"author\":{\"name\":\"teddywestlund\",\"@id\":\"https:\\\/\\\/egn.com\\\/se\\\/#\\\/schema\\\/person\\\/3da3209858548246e07549b3214acdf3\"},\"headline\":\"Podcast &#8211; Respekt, ansvarstagande &amp; mod, Renata Chlumska\",\"datePublished\":\"2020-04-29T08:12:08+00:00\",\"dateModified\":\"2020-10-13T08:51:48+00:00\",\"mainEntityOfPage\":{\"@id\":\"https:\\\/\\\/egn.com\\\/se\\\/podcast-respekt-ansvarstagande-mod-renata-chlumska\\\/\"},\"wordCount\":99,\"publisher\":{\"@id\":\"https:\\\/\\\/egn.com\\\/se\\\/#organization\"},\"image\":{\"@id\":\"https:\\\/\\\/egn.com\\\/se\\\/podcast-respekt-ansvarstagande-mod-renata-chlumska\\\/#primaryimage\"},\"thumbnailUrl\":\"https:\\\/\\\/egn.com\\\/se\\\/wp-content\\\/uploads\\\/sites\\\/6\\\/2020\\\/04\\\/img_0754.jpg\",\"articleSection\":[\"Podcast\"],\"inLanguage\":\"sv-SE\"},{\"@type\":\"WebPage\",\"@id\":\"https:\\\/\\\/egn.com\\\/se\\\/podcast-respekt-ansvarstagande-mod-renata-chlumska\\\/\",\"url\":\"https:\\\/\\\/egn.com\\\/se\\\/podcast-respekt-ansvarstagande-mod-renata-chlumska\\\/\",\"name\":\"Podcast - Respekt, ansvarstagande &amp; mod, Renata Chlumska | EGN Sverige\",\"isPartOf\":{\"@id\":\"https:\\\/\\\/egn.com\\\/se\\\/#website\"},\"primaryImageOfPage\":{\"@id\":\"https:\\\/\\\/egn.com\\\/se\\\/podcast-respekt-ansvarstagande-mod-renata-chlumska\\\/#primaryimage\"},\"image\":{\"@id\":\"https:\\\/\\\/egn.com\\\/se\\\/podcast-respekt-ansvarstagande-mod-renata-chlumska\\\/#primaryimage\"},\"thumbnailUrl\":\"https:\\\/\\\/egn.com\\\/se\\\/wp-content\\\/uploads\\\/sites\\\/6\\\/2020\\\/04\\\/img_0754.jpg\",\"datePublished\":\"2020-04-29T08:12:08+00:00\",\"dateModified\":\"2020-10-13T08:51:48+00:00\",\"description\":\"EGN Sverige skriver artiklar och kr\u00f6nikor f\u00f6r att l\u00e5ta dig inspireras till att v\u00e4xa som chef och ledare. Tillsammans g\u00f6r vi varandra b\u00e4ttre genom generositet, gl\u00e4dje, energi och tillit.\",\"breadcrumb\":{\"@id\":\"https:\\\/\\\/egn.com\\\/se\\\/podcast-respekt-ansvarstagande-mod-renata-chlumska\\\/#breadcrumb\"},\"inLanguage\":\"sv-SE\",\"potentialAction\":[{\"@type\":\"ReadAction\",\"target\":[\"https:\\\/\\\/egn.com\\\/se\\\/podcast-respekt-ansvarstagande-mod-renata-chlumska\\\/\"]}]},{\"@type\":\"ImageObject\",\"inLanguage\":\"sv-SE\",\"@id\":\"https:\\\/\\\/egn.com\\\/se\\\/podcast-respekt-ansvarstagande-mod-renata-chlumska\\\/#primaryimage\",\"url\":\"https:\\\/\\\/egn.com\\\/se\\\/wp-content\\\/uploads\\\/sites\\\/6\\\/2020\\\/04\\\/img_0754.jpg\",\"contentUrl\":\"https:\\\/\\\/egn.com\\\/se\\\/wp-content\\\/uploads\\\/sites\\\/6\\\/2020\\\/04\\\/img_0754.jpg\",\"width\":2808,\"height\":1872},{\"@type\":\"BreadcrumbList\",\"@id\":\"https:\\\/\\\/egn.com\\\/se\\\/podcast-respekt-ansvarstagande-mod-renata-chlumska\\\/#breadcrumb\",\"itemListElement\":[{\"@type\":\"ListItem\",\"position\":1,\"name\":\"Hem\",\"item\":\"https:\\\/\\\/egn.com\\\/se\\\/\"},{\"@type\":\"ListItem\",\"position\":2,\"name\":\"Podcast &#8211; Respekt, ansvarstagande &hellip;\"}]},{\"@type\":\"WebSite\",\"@id\":\"https:\\\/\\\/egn.com\\\/se\\\/#website\",\"url\":\"https:\\\/\\\/egn.com\\\/se\\\/\",\"name\":\"EGN Sverige\",\"description\":\"Professionella n\u00e4tverk f\u00f6r ledare och specialister\",\"publisher\":{\"@id\":\"https:\\\/\\\/egn.com\\\/se\\\/#organization\"},\"potentialAction\":[{\"@type\":\"SearchAction\",\"target\":{\"@type\":\"EntryPoint\",\"urlTemplate\":\"https:\\\/\\\/egn.com\\\/se\\\/?s={search_term_string}\"},\"query-input\":{\"@type\":\"PropertyValueSpecification\",\"valueRequired\":true,\"valueName\":\"search_term_string\"}}],\"inLanguage\":\"sv-SE\"},{\"@type\":\"Organization\",\"@id\":\"https:\\\/\\\/egn.com\\\/se\\\/#organization\",\"name\":\"EGN Sverige\",\"alternateName\":\"EGN\",\"url\":\"https:\\\/\\\/egn.com\\\/se\\\/\",\"logo\":{\"@type\":\"ImageObject\",\"inLanguage\":\"sv-SE\",\"@id\":\"https:\\\/\\\/egn.com\\\/se\\\/#\\\/schema\\\/logo\\\/image\\\/\",\"url\":\"https:\\\/\\\/egn.com\\\/se\\\/wp-content\\\/uploads\\\/sites\\\/6\\\/2026\\\/02\\\/EGN.png\",\"contentUrl\":\"https:\\\/\\\/egn.com\\\/se\\\/wp-content\\\/uploads\\\/sites\\\/6\\\/2026\\\/02\\\/EGN.png\",\"width\":2185,\"height\":699,\"caption\":\"EGN Sverige\"},\"image\":{\"@id\":\"https:\\\/\\\/egn.com\\\/se\\\/#\\\/schema\\\/logo\\\/image\\\/\"},\"sameAs\":[\"https:\\\/\\\/www.facebook.com\\\/egnsverige\\\/\",\"https:\\\/\\\/www.instagram.com\\\/egnsverige\",\"https:\\\/\\\/www.linkedin.com\\\/company\\\/executives-global-network\"],\"description\":\"EGN Sverige \u00e4r Sveriges st\u00f6rsta kompetensn\u00e4tverk f\u00f6r chefer och ledare som vill utveckla sitt ledarskap. Vi jobbar f\u00f6r att chefer och ledare tillsammans ska utvecklas och hj\u00e4lpa varandra med de utmaningar som man st\u00f6ter p\u00e5 i sin profession.\",\"email\":\"info@egn.se\",\"telephone\":\"+468210722\",\"vatID\":\"556739-7905\"},{\"@type\":\"Person\",\"@id\":\"https:\\\/\\\/egn.com\\\/se\\\/#\\\/schema\\\/person\\\/3da3209858548246e07549b3214acdf3\",\"name\":\"teddywestlund\",\"image\":{\"@type\":\"ImageObject\",\"inLanguage\":\"sv-SE\",\"@id\":\"https:\\\/\\\/secure.gravatar.com\\\/avatar\\\/3f51ca2bf516f332935d1c454b54add3cb558a0e74cbe71dbdb762ac63d44e80?s=96&d=mm&r=g\",\"url\":\"https:\\\/\\\/secure.gravatar.com\\\/avatar\\\/3f51ca2bf516f332935d1c454b54add3cb558a0e74cbe71dbdb762ac63d44e80?s=96&d=mm&r=g\",\"contentUrl\":\"https:\\\/\\\/secure.gravatar.com\\\/avatar\\\/3f51ca2bf516f332935d1c454b54add3cb558a0e74cbe71dbdb762ac63d44e80?s=96&d=mm&r=g\",\"caption\":\"teddywestlund\"},\"url\":\"https:\\\/\\\/egn.com\\\/se\\\/author\\\/teddywestlund\\\/\"}]}<\/script>","yoast_head_json":{"title":"Podcast - Respekt, ansvarstagande &amp; mod, Renata Chlumska | EGN Sverige","description":"EGN Sverige skriver artiklar och kr\u00f6nikor f\u00f6r att l\u00e5ta dig inspireras till att v\u00e4xa som chef och ledare. Tillsammans g\u00f6r vi varandra b\u00e4ttre genom generositet, gl\u00e4dje, energi och tillit.","robots":{"index":"index","follow":"follow","max-snippet":"max-snippet:-1","max-image-preview":"max-image-preview:large","max-video-preview":"max-video-preview:-1"},"canonical":"https:\/\/egn.com\/se\/podcast-respekt-ansvarstagande-mod-renata-chlumska\/","og_locale":"sv_SE","og_type":"article","og_title":"Podcast - Respekt, ansvarstagande &amp; mod, Renata Chlumska","og_description":"Vad g\u00f6r man n\u00e4r det som inte f\u00e5r h\u00e4nda h\u00e4nder? Hur utvecklas vi genom motg\u00e5ngar och varf\u00f6r \u00e4r motg\u00e5ng en framg\u00e5ngsfaktor? Detta och mer utforskar Daniel Stenmark i samtal med Renata Chlumska som \u00e4r en av Sveriges st\u00f6rsta \u00e4ventyrare.","og_url":"https:\/\/egn.com\/se\/podcast-respekt-ansvarstagande-mod-renata-chlumska\/","og_site_name":"EGN Sverige","article_publisher":"https:\/\/www.facebook.com\/egnsverige\/","article_published_time":"2020-04-29T08:12:08+00:00","article_modified_time":"2020-10-13T08:51:48+00:00","og_image":[{"width":2808,"height":1872,"url":"https:\/\/egn.com\/se\/wp-content\/uploads\/sites\/6\/2020\/04\/img_0754.jpg","type":"image\/jpeg"}],"author":"teddywestlund","twitter_card":"summary_large_image","twitter_misc":{"Skriven av":"teddywestlund"},"schema":{"@context":"https:\/\/schema.org","@graph":[{"@type":"Article","@id":"https:\/\/egn.com\/se\/podcast-respekt-ansvarstagande-mod-renata-chlumska\/#article","isPartOf":{"@id":"https:\/\/egn.com\/se\/podcast-respekt-ansvarstagande-mod-renata-chlumska\/"},"author":{"name":"teddywestlund","@id":"https:\/\/egn.com\/se\/#\/schema\/person\/3da3209858548246e07549b3214acdf3"},"headline":"Podcast &#8211; Respekt, ansvarstagande &amp; mod, Renata Chlumska","datePublished":"2020-04-29T08:12:08+00:00","dateModified":"2020-10-13T08:51:48+00:00","mainEntityOfPage":{"@id":"https:\/\/egn.com\/se\/podcast-respekt-ansvarstagande-mod-renata-chlumska\/"},"wordCount":99,"publisher":{"@id":"https:\/\/egn.com\/se\/#organization"},"image":{"@id":"https:\/\/egn.com\/se\/podcast-respekt-ansvarstagande-mod-renata-chlumska\/#primaryimage"},"thumbnailUrl":"https:\/\/egn.com\/se\/wp-content\/uploads\/sites\/6\/2020\/04\/img_0754.jpg","articleSection":["Podcast"],"inLanguage":"sv-SE"},{"@type":"WebPage","@id":"https:\/\/egn.com\/se\/podcast-respekt-ansvarstagande-mod-renata-chlumska\/","url":"https:\/\/egn.com\/se\/podcast-respekt-ansvarstagande-mod-renata-chlumska\/","name":"Podcast - Respekt, ansvarstagande &amp; mod, Renata Chlumska | EGN Sverige","isPartOf":{"@id":"https:\/\/egn.com\/se\/#website"},"primaryImageOfPage":{"@id":"https:\/\/egn.com\/se\/podcast-respekt-ansvarstagande-mod-renata-chlumska\/#primaryimage"},"image":{"@id":"https:\/\/egn.com\/se\/podcast-respekt-ansvarstagande-mod-renata-chlumska\/#primaryimage"},"thumbnailUrl":"https:\/\/egn.com\/se\/wp-content\/uploads\/sites\/6\/2020\/04\/img_0754.jpg","datePublished":"2020-04-29T08:12:08+00:00","dateModified":"2020-10-13T08:51:48+00:00","description":"EGN Sverige skriver artiklar och kr\u00f6nikor f\u00f6r att l\u00e5ta dig inspireras till att v\u00e4xa som chef och ledare. Tillsammans g\u00f6r vi varandra b\u00e4ttre genom generositet, gl\u00e4dje, energi och tillit.","breadcrumb":{"@id":"https:\/\/egn.com\/se\/podcast-respekt-ansvarstagande-mod-renata-chlumska\/#breadcrumb"},"inLanguage":"sv-SE","potentialAction":[{"@type":"ReadAction","target":["https:\/\/egn.com\/se\/podcast-respekt-ansvarstagande-mod-renata-chlumska\/"]}]},{"@type":"ImageObject","inLanguage":"sv-SE","@id":"https:\/\/egn.com\/se\/podcast-respekt-ansvarstagande-mod-renata-chlumska\/#primaryimage","url":"https:\/\/egn.com\/se\/wp-content\/uploads\/sites\/6\/2020\/04\/img_0754.jpg","contentUrl":"https:\/\/egn.com\/se\/wp-content\/uploads\/sites\/6\/2020\/04\/img_0754.jpg","width":2808,"height":1872},{"@type":"BreadcrumbList","@id":"https:\/\/egn.com\/se\/podcast-respekt-ansvarstagande-mod-renata-chlumska\/#breadcrumb","itemListElement":[{"@type":"ListItem","position":1,"name":"Hem","item":"https:\/\/egn.com\/se\/"},{"@type":"ListItem","position":2,"name":"Podcast &#8211; Respekt, ansvarstagande &hellip;"}]},{"@type":"WebSite","@id":"https:\/\/egn.com\/se\/#website","url":"https:\/\/egn.com\/se\/","name":"EGN Sverige","description":"Professionella n\u00e4tverk f\u00f6r ledare och specialister","publisher":{"@id":"https:\/\/egn.com\/se\/#organization"},"potentialAction":[{"@type":"SearchAction","target":{"@type":"EntryPoint","urlTemplate":"https:\/\/egn.com\/se\/?s={search_term_string}"},"query-input":{"@type":"PropertyValueSpecification","valueRequired":true,"valueName":"search_term_string"}}],"inLanguage":"sv-SE"},{"@type":"Organization","@id":"https:\/\/egn.com\/se\/#organization","name":"EGN Sverige","alternateName":"EGN","url":"https:\/\/egn.com\/se\/","logo":{"@type":"ImageObject","inLanguage":"sv-SE","@id":"https:\/\/egn.com\/se\/#\/schema\/logo\/image\/","url":"https:\/\/egn.com\/se\/wp-content\/uploads\/sites\/6\/2026\/02\/EGN.png","contentUrl":"https:\/\/egn.com\/se\/wp-content\/uploads\/sites\/6\/2026\/02\/EGN.png","width":2185,"height":699,"caption":"EGN Sverige"},"image":{"@id":"https:\/\/egn.com\/se\/#\/schema\/logo\/image\/"},"sameAs":["https:\/\/www.facebook.com\/egnsverige\/","https:\/\/www.instagram.com\/egnsverige","https:\/\/www.linkedin.com\/company\/executives-global-network"],"description":"EGN Sverige \u00e4r Sveriges st\u00f6rsta kompetensn\u00e4tverk f\u00f6r chefer och ledare som vill utveckla sitt ledarskap. Vi jobbar f\u00f6r att chefer och ledare tillsammans ska utvecklas och hj\u00e4lpa varandra med de utmaningar som man st\u00f6ter p\u00e5 i sin profession.","email":"info@egn.se","telephone":"+468210722","vatID":"556739-7905"},{"@type":"Person","@id":"https:\/\/egn.com\/se\/#\/schema\/person\/3da3209858548246e07549b3214acdf3","name":"teddywestlund","image":{"@type":"ImageObject","inLanguage":"sv-SE","@id":"https:\/\/secure.gravatar.com\/avatar\/3f51ca2bf516f332935d1c454b54add3cb558a0e74cbe71dbdb762ac63d44e80?s=96&d=mm&r=g","url":"https:\/\/secure.gravatar.com\/avatar\/3f51ca2bf516f332935d1c454b54add3cb558a0e74cbe71dbdb762ac63d44e80?s=96&d=mm&r=g","contentUrl":"https:\/\/secure.gravatar.com\/avatar\/3f51ca2bf516f332935d1c454b54add3cb558a0e74cbe71dbdb762ac63d44e80?s=96&d=mm&r=g","caption":"teddywestlund"},"url":"https:\/\/egn.com\/se\/author\/teddywestlund\/"}]}},"_links":{"self":[{"href":"https:\/\/egn.com\/se\/wp-json\/wp\/v2\/posts\/2164","targetHints":{"allow":["GET"]}}],"collection":[{"href":"https:\/\/egn.com\/se\/wp-json\/wp\/v2\/posts"}],"about":[{"href":"https:\/\/egn.com\/se\/wp-json\/wp\/v2\/types\/post"}],"author":[{"embeddable":true,"href":"https:\/\/egn.com\/se\/wp-json\/wp\/v2\/users\/36"}],"replies":[{"embeddable":true,"href":"https:\/\/egn.com\/se\/wp-json\/wp\/v2\/comments?post=2164"}],"version-history":[{"count":0,"href":"https:\/\/egn.com\/se\/wp-json\/wp\/v2\/posts\/2164\/revisions"}],"wp:featuredmedia":[{"embeddable":true,"href":"https:\/\/egn.com\/se\/wp-json\/wp\/v2\/media\/2276"}],"wp:attachment":[{"href":"https:\/\/egn.com\/se\/wp-json\/wp\/v2\/media?parent=2164"}],"wp:term":[{"taxonomy":"category","embeddable":true,"href":"https:\/\/egn.com\/se\/wp-json\/wp\/v2\/categories?post=2164"},{"taxonomy":"post_tag","embeddable":true,"href":"https:\/\/egn.com\/se\/wp-json\/wp\/v2\/tags?post=2164"}],"curies":[{"name":"wp","href":"https:\/\/api.w.org\/{rel}","templated":true}]}}