{"id":2697,"date":"2020-08-29T10:10:42","date_gmt":"2020-08-29T08:10:42","guid":{"rendered":"https:\/\/egn.com\/se\/?p=2697"},"modified":"2020-10-13T10:56:55","modified_gmt":"2020-10-13T08:56:55","slug":"tiden-ar-inne-for-oppen-innovation","status":"publish","type":"post","link":"https:\/\/egn.com\/se\/tiden-ar-inne-for-oppen-innovation\/","title":{"rendered":"Tiden \u00e4r inne f\u00f6r \u00f6ppen innovation"},"content":{"rendered":"<h1 class=\"main-title\"><strong>R\u00e4ddar liv \u2013 och f\u00f6retag<\/strong><\/h1>\n<div class=\"col-md-8\">\n<div class=\"node__content\">\n<div class=\"col-md-8\">\n<div class=\"node__content\">\n<div class=\"col-md-8\">\n<p>Mitt under de m\u00f6rka och dystra inledande m\u00e5naderna av covid-19-krisen b\u00f6rjade n\u00e5got \u00f6verraskande upplyftande att ske: f\u00f6retag b\u00f6rjade komma tillsammans f\u00f6r att arbeta \u00f6ppet p\u00e5 en aldrig tidigare sk\u00e5dad niv\u00e5, vilket satte f\u00f6rm\u00e5gan att skapa v\u00e4rde framf\u00f6r m\u00f6jligheten att tj\u00e4na pengar.<\/p>\n<\/div>\n<p>Det tyska multinationella Siemens \u00f6ppnade till exempel sitt\u00a0<em>Additive Manufacturing Network<\/em>\u00a0f\u00f6r vem som helst som beh\u00f6vde hj\u00e4lp med design av medicinsk utrustning. Tunglasttillverkaren Scania och Karolinska universitetssjukhuset valde ocks\u00e5 att samarbeta: Scania omvandlar inte bara sl\u00e4pvagnar till mobila teststationer utan st\u00e4ller ocks\u00e5 om ett 20-tal h\u00f6gkvalificerade ink\u00f6ps- och logistikexperter till att lokalisera, k\u00f6pa in och leverera personlig skyddsutrustning till v\u00e5rdpersonal. P\u00e5 liknande s\u00e4tt arbetar Ford tillsammans med United Auto Workers, GE Healthcare och 3M f\u00f6r att bygga ventilatorer i Michigan, med hj\u00e4lp av F-150-s\u00e4tesfl\u00e4ktar, b\u00e4rbara batteripaket och 3D-tryckta delar.<\/p>\n<blockquote><p>\u201dDen senaste tidens explosion av \u00f6ppen innovation p\u00e5minner oss om den enorma potential som \u00f6ppen innovation medf\u00f6r, oavsett om man befinner sig i en kris eller inte.\u201d<\/p><\/blockquote>\n<p>Samarbete kan uppenbarligen r\u00e4dda m\u00e4nniskoliv, men det kan \u00e4ven ge stora f\u00f6rdelar f\u00f6r f\u00f6retag \u2013 \u00e4ven om dessa ofta f\u00f6rbises under normala omst\u00e4ndigheter. I mer \u00e4n ett decennium har vi studerat \u00f6ppen innovation och l\u00e4rt tusentals chefer och studenter hur man kan innovera p\u00e5 ett mer distribuerat, decentraliserat\u00a0och deltagande s\u00e4tt. I klassrummet s\u00e4ger majoriteten: &#8221;V\u00e5rt f\u00f6retag beh\u00f6ver mer av detta!&#8221; Trots entusiasmen blir det s\u00e4llan n\u00e5gon skillnad. Vi har ocks\u00e5 sett hur f\u00f6retag har anv\u00e4nt\u00a0<a href=\"https:\/\/sv.wikipedia.org\/wiki\/Hackathon\">hackathons<\/a>\u00a0och andra former av \u00f6ppen innovation f\u00f6r att generera massor av kreativa id\u00e9er som aldrig n\u00e5r implementeringspunkten (vilket leder till frustration bland anst\u00e4llda och partners). F\u00f6r m\u00e5nga f\u00f6retag \u00e4r denna typ av distribuerad, decentraliserad och deltagande s\u00e4tt att innovera fortfarande en ouppn\u00e5dd ambition.<\/p>\n<p><strong>Genererar framtida samarbeten<\/strong><\/p>\n<p>Den senaste tidens explosion av \u00f6ppen innovation p\u00e5minner oss dock om den enorma potential som \u00f6ppen innovation medf\u00f6r, oavsett om man befinner sig i en kris eller inte. \u00d6ppen innovation har potential att utvidga utrymmet f\u00f6r v\u00e4rdeskapande. Den m\u00f6jligg\u00f6r betydligt fler s\u00e4tt att skapa v\u00e4rde, vare sig det sker genom nya partners med kompletterande f\u00e4rdigheter eller genom att frig\u00f6ra dold potential i l\u00e5ngvariga relationer.<\/p>\n<p>I en kris kan \u00f6ppen innovation hj\u00e4lpa organisationer att hitta nya s\u00e4tt att l\u00f6sa akuta problem och samtidigt bygga upp ett positivt rykte. Viktigast av allt, kan det tj\u00e4na som grund f\u00f6r framtida samarbeten \u2013 i linje med sociologisk forskning, som visar att f\u00f6rtroende utvecklas n\u00e4r partners frivilligt \u201dg\u00e5r en extra mil f\u00f6r den andre\u201d och g\u00f6r varandra ov\u00e4ntade tj\u00e4nster.<\/p>\n<p><strong>Fem l\u00e4rdomar<\/strong><\/p>\n<p>Vi har samlat fem l\u00e4rdomar som kan hj\u00e4lpa f\u00f6retag och organisationer att inte bara dra nytta av \u00f6ppen innovation under p\u00e5g\u00e5ende Covid-19-kris, utan ocks\u00e5 anamma \u00f6ppen innovation \u00e4ven n\u00e4r pandemin \u00e4r \u00f6ver.\u00a0<a href=\"https:\/\/hbr.org\/2020\/06\/why-now-is-the-time-for-open-innovation\" target=\"_blank\" rel=\"noopener noreferrer\">L\u00e4s hela artikeln h\u00e4r<\/a><\/p>\n<p>&#8212;&#8212;<\/p>\n<p><em><strong>Tack vare EGN:s samarbete med Harvard Business Publishing har vi m\u00f6jlighet att dela HBR-artiklar med v\u00e5ra l\u00e4sare. Under p\u00e5g\u00e5ende coronavirus-kris g\u00f6r HBR alla sina coronavirus-relaterade artiklar tillg\u00e4ngliga f\u00f6r allm\u00e4nheten\u00a0<a href=\"https:\/\/hbr.org\/insight-center\/coronavirus\" target=\"_blank\" rel=\"noopener noreferrer\">h\u00e4r<\/a>.<\/strong><\/em><\/p>\n<\/div>\n<\/div>\n<\/div>\n<\/div>\n","protected":false},"excerpt":{"rendered":"<p>F\u00f6retag b\u00f6rjade komma tillsammans f\u00f6r att arbeta \u00f6ppet p\u00e5 en aldrig tidigare sk\u00e5dad niv\u00e5, vilket satte f\u00f6rm\u00e5gan att skapa v\u00e4rde framf\u00f6r m\u00f6jligheten att tj\u00e4na pengar.<\/p>\n","protected":false},"author":36,"featured_media":2698,"comment_status":"closed","ping_status":"open","sticky":false,"template":"","format":"standard","meta":{"_acf_changed":false,"footnotes":""},"categories":[11],"tags":[],"class_list":["post-2697","post","type-post","status-publish","format-standard","has-post-thumbnail","hentry","category-insights"],"acf":[],"yoast_head":"<title>Tiden \u00e4r inne f\u00f6r \u00f6ppen innovation | EGN Sverige<\/title>\n<meta name=\"description\" content=\"EGN Sverige skriver artiklar och kr\u00f6nikor f\u00f6r att l\u00e5ta dig inspireras till att v\u00e4xa som chef och ledare. Tillsammans g\u00f6r vi varandra b\u00e4ttre genom generositet, gl\u00e4dje, energi och tillit.\" \/>\n<meta name=\"robots\" content=\"index, follow, max-snippet:-1, max-image-preview:large, max-video-preview:-1\" \/>\n<link rel=\"canonical\" href=\"https:\/\/egn.com\/se\/tiden-ar-inne-for-oppen-innovation\/\" \/>\n<meta property=\"og:locale\" content=\"sv_SE\" \/>\n<meta property=\"og:type\" content=\"article\" \/>\n<meta property=\"og:title\" content=\"Tiden \u00e4r inne f\u00f6r \u00f6ppen innovation\" \/>\n<meta property=\"og:description\" content=\"F\u00f6retag b\u00f6rjade komma tillsammans f\u00f6r att arbeta \u00f6ppet p\u00e5 en aldrig tidigare sk\u00e5dad niv\u00e5, vilket satte f\u00f6rm\u00e5gan att skapa v\u00e4rde framf\u00f6r m\u00f6jligheten att tj\u00e4na pengar.\" \/>\n<meta property=\"og:url\" content=\"https:\/\/egn.com\/se\/tiden-ar-inne-for-oppen-innovation\/\" \/>\n<meta property=\"og:site_name\" content=\"EGN Sverige\" \/>\n<meta property=\"article:publisher\" content=\"https:\/\/www.facebook.com\/egnsverige\/\" \/>\n<meta property=\"article:published_time\" content=\"2020-08-29T08:10:42+00:00\" \/>\n<meta property=\"article:modified_time\" content=\"2020-10-13T08:56:55+00:00\" \/>\n<meta property=\"og:image\" content=\"https:\/\/egn.com\/se\/wp-content\/uploads\/sites\/6\/2020\/10\/idea-and-innovation-DDBD538-scaled.jpg\" \/>\n\t<meta property=\"og:image:width\" content=\"3000\" \/>\n\t<meta property=\"og:image:height\" content=\"1996\" \/>\n\t<meta property=\"og:image:type\" content=\"image\/jpeg\" \/>\n<meta name=\"author\" content=\"teddywestlund\" \/>\n<meta name=\"twitter:card\" content=\"summary_large_image\" \/>\n<meta name=\"twitter:label1\" content=\"Skriven av\" \/>\n\t<meta name=\"twitter:data1\" content=\"teddywestlund\" \/>\n\t<meta name=\"twitter:label2\" content=\"Ber\u00e4knad l\u00e4stid\" \/>\n\t<meta name=\"twitter:data2\" content=\"3 minuter\" \/>\n<script type=\"application\/ld+json\" class=\"yoast-schema-graph\">{\"@context\":\"https:\\\/\\\/schema.org\",\"@graph\":[{\"@type\":\"Article\",\"@id\":\"https:\\\/\\\/egn.com\\\/se\\\/tiden-ar-inne-for-oppen-innovation\\\/#article\",\"isPartOf\":{\"@id\":\"https:\\\/\\\/egn.com\\\/se\\\/tiden-ar-inne-for-oppen-innovation\\\/\"},\"author\":{\"name\":\"teddywestlund\",\"@id\":\"https:\\\/\\\/egn.com\\\/se\\\/#\\\/schema\\\/person\\\/3da3209858548246e07549b3214acdf3\"},\"headline\":\"Tiden \u00e4r inne f\u00f6r \u00f6ppen innovation\",\"datePublished\":\"2020-08-29T08:10:42+00:00\",\"dateModified\":\"2020-10-13T08:56:55+00:00\",\"mainEntityOfPage\":{\"@id\":\"https:\\\/\\\/egn.com\\\/se\\\/tiden-ar-inne-for-oppen-innovation\\\/\"},\"wordCount\":588,\"publisher\":{\"@id\":\"https:\\\/\\\/egn.com\\\/se\\\/#organization\"},\"image\":{\"@id\":\"https:\\\/\\\/egn.com\\\/se\\\/tiden-ar-inne-for-oppen-innovation\\\/#primaryimage\"},\"thumbnailUrl\":\"https:\\\/\\\/egn.com\\\/se\\\/wp-content\\\/uploads\\\/sites\\\/6\\\/2020\\\/10\\\/idea-and-innovation-DDBD538-scaled.jpg\",\"articleSection\":[\"Insights\"],\"inLanguage\":\"sv-SE\"},{\"@type\":\"WebPage\",\"@id\":\"https:\\\/\\\/egn.com\\\/se\\\/tiden-ar-inne-for-oppen-innovation\\\/\",\"url\":\"https:\\\/\\\/egn.com\\\/se\\\/tiden-ar-inne-for-oppen-innovation\\\/\",\"name\":\"Tiden \u00e4r inne f\u00f6r \u00f6ppen innovation | EGN Sverige\",\"isPartOf\":{\"@id\":\"https:\\\/\\\/egn.com\\\/se\\\/#website\"},\"primaryImageOfPage\":{\"@id\":\"https:\\\/\\\/egn.com\\\/se\\\/tiden-ar-inne-for-oppen-innovation\\\/#primaryimage\"},\"image\":{\"@id\":\"https:\\\/\\\/egn.com\\\/se\\\/tiden-ar-inne-for-oppen-innovation\\\/#primaryimage\"},\"thumbnailUrl\":\"https:\\\/\\\/egn.com\\\/se\\\/wp-content\\\/uploads\\\/sites\\\/6\\\/2020\\\/10\\\/idea-and-innovation-DDBD538-scaled.jpg\",\"datePublished\":\"2020-08-29T08:10:42+00:00\",\"dateModified\":\"2020-10-13T08:56:55+00:00\",\"description\":\"EGN Sverige skriver artiklar och kr\u00f6nikor f\u00f6r att l\u00e5ta dig inspireras till att v\u00e4xa som chef och ledare. Tillsammans g\u00f6r vi varandra b\u00e4ttre genom generositet, gl\u00e4dje, energi och tillit.\",\"breadcrumb\":{\"@id\":\"https:\\\/\\\/egn.com\\\/se\\\/tiden-ar-inne-for-oppen-innovation\\\/#breadcrumb\"},\"inLanguage\":\"sv-SE\",\"potentialAction\":[{\"@type\":\"ReadAction\",\"target\":[\"https:\\\/\\\/egn.com\\\/se\\\/tiden-ar-inne-for-oppen-innovation\\\/\"]}]},{\"@type\":\"ImageObject\",\"inLanguage\":\"sv-SE\",\"@id\":\"https:\\\/\\\/egn.com\\\/se\\\/tiden-ar-inne-for-oppen-innovation\\\/#primaryimage\",\"url\":\"https:\\\/\\\/egn.com\\\/se\\\/wp-content\\\/uploads\\\/sites\\\/6\\\/2020\\\/10\\\/idea-and-innovation-DDBD538-scaled.jpg\",\"contentUrl\":\"https:\\\/\\\/egn.com\\\/se\\\/wp-content\\\/uploads\\\/sites\\\/6\\\/2020\\\/10\\\/idea-and-innovation-DDBD538-scaled.jpg\",\"width\":3000,\"height\":1996,\"caption\":\"Light bulb made of blank puzzle pieces and hand drawn rays next to a black marker. Over blue background with copy space.\"},{\"@type\":\"BreadcrumbList\",\"@id\":\"https:\\\/\\\/egn.com\\\/se\\\/tiden-ar-inne-for-oppen-innovation\\\/#breadcrumb\",\"itemListElement\":[{\"@type\":\"ListItem\",\"position\":1,\"name\":\"Hem\",\"item\":\"https:\\\/\\\/egn.com\\\/se\\\/\"},{\"@type\":\"ListItem\",\"position\":2,\"name\":\"Tiden \u00e4r inne f\u00f6r \u00f6ppen innovation\"}]},{\"@type\":\"WebSite\",\"@id\":\"https:\\\/\\\/egn.com\\\/se\\\/#website\",\"url\":\"https:\\\/\\\/egn.com\\\/se\\\/\",\"name\":\"EGN Sverige\",\"description\":\"Professionella n\u00e4tverk f\u00f6r ledare och specialister\",\"publisher\":{\"@id\":\"https:\\\/\\\/egn.com\\\/se\\\/#organization\"},\"potentialAction\":[{\"@type\":\"SearchAction\",\"target\":{\"@type\":\"EntryPoint\",\"urlTemplate\":\"https:\\\/\\\/egn.com\\\/se\\\/?s={search_term_string}\"},\"query-input\":{\"@type\":\"PropertyValueSpecification\",\"valueRequired\":true,\"valueName\":\"search_term_string\"}}],\"inLanguage\":\"sv-SE\"},{\"@type\":\"Organization\",\"@id\":\"https:\\\/\\\/egn.com\\\/se\\\/#organization\",\"name\":\"EGN Sverige\",\"alternateName\":\"EGN\",\"url\":\"https:\\\/\\\/egn.com\\\/se\\\/\",\"logo\":{\"@type\":\"ImageObject\",\"inLanguage\":\"sv-SE\",\"@id\":\"https:\\\/\\\/egn.com\\\/se\\\/#\\\/schema\\\/logo\\\/image\\\/\",\"url\":\"https:\\\/\\\/egn.com\\\/se\\\/wp-content\\\/uploads\\\/sites\\\/6\\\/2026\\\/02\\\/EGN.png\",\"contentUrl\":\"https:\\\/\\\/egn.com\\\/se\\\/wp-content\\\/uploads\\\/sites\\\/6\\\/2026\\\/02\\\/EGN.png\",\"width\":2185,\"height\":699,\"caption\":\"EGN Sverige\"},\"image\":{\"@id\":\"https:\\\/\\\/egn.com\\\/se\\\/#\\\/schema\\\/logo\\\/image\\\/\"},\"sameAs\":[\"https:\\\/\\\/www.facebook.com\\\/egnsverige\\\/\",\"https:\\\/\\\/www.instagram.com\\\/egnsverige\",\"https:\\\/\\\/www.linkedin.com\\\/company\\\/executives-global-network\"],\"description\":\"EGN Sverige \u00e4r Sveriges st\u00f6rsta kompetensn\u00e4tverk f\u00f6r chefer och ledare som vill utveckla sitt ledarskap. Vi jobbar f\u00f6r att chefer och ledare tillsammans ska utvecklas och hj\u00e4lpa varandra med de utmaningar som man st\u00f6ter p\u00e5 i sin profession.\",\"email\":\"info@egn.se\",\"telephone\":\"+468210722\",\"vatID\":\"556739-7905\"},{\"@type\":\"Person\",\"@id\":\"https:\\\/\\\/egn.com\\\/se\\\/#\\\/schema\\\/person\\\/3da3209858548246e07549b3214acdf3\",\"name\":\"teddywestlund\",\"image\":{\"@type\":\"ImageObject\",\"inLanguage\":\"sv-SE\",\"@id\":\"https:\\\/\\\/secure.gravatar.com\\\/avatar\\\/3f51ca2bf516f332935d1c454b54add3cb558a0e74cbe71dbdb762ac63d44e80?s=96&d=mm&r=g\",\"url\":\"https:\\\/\\\/secure.gravatar.com\\\/avatar\\\/3f51ca2bf516f332935d1c454b54add3cb558a0e74cbe71dbdb762ac63d44e80?s=96&d=mm&r=g\",\"contentUrl\":\"https:\\\/\\\/secure.gravatar.com\\\/avatar\\\/3f51ca2bf516f332935d1c454b54add3cb558a0e74cbe71dbdb762ac63d44e80?s=96&d=mm&r=g\",\"caption\":\"teddywestlund\"},\"url\":\"https:\\\/\\\/egn.com\\\/se\\\/author\\\/teddywestlund\\\/\"}]}<\/script>","yoast_head_json":{"title":"Tiden \u00e4r inne f\u00f6r \u00f6ppen innovation | EGN Sverige","description":"EGN Sverige skriver artiklar och kr\u00f6nikor f\u00f6r att l\u00e5ta dig inspireras till att v\u00e4xa som chef och ledare. Tillsammans g\u00f6r vi varandra b\u00e4ttre genom generositet, gl\u00e4dje, energi och tillit.","robots":{"index":"index","follow":"follow","max-snippet":"max-snippet:-1","max-image-preview":"max-image-preview:large","max-video-preview":"max-video-preview:-1"},"canonical":"https:\/\/egn.com\/se\/tiden-ar-inne-for-oppen-innovation\/","og_locale":"sv_SE","og_type":"article","og_title":"Tiden \u00e4r inne f\u00f6r \u00f6ppen innovation","og_description":"F\u00f6retag b\u00f6rjade komma tillsammans f\u00f6r att arbeta \u00f6ppet p\u00e5 en aldrig tidigare sk\u00e5dad niv\u00e5, vilket satte f\u00f6rm\u00e5gan att skapa v\u00e4rde framf\u00f6r m\u00f6jligheten att tj\u00e4na pengar.","og_url":"https:\/\/egn.com\/se\/tiden-ar-inne-for-oppen-innovation\/","og_site_name":"EGN Sverige","article_publisher":"https:\/\/www.facebook.com\/egnsverige\/","article_published_time":"2020-08-29T08:10:42+00:00","article_modified_time":"2020-10-13T08:56:55+00:00","og_image":[{"width":3000,"height":1996,"url":"https:\/\/egn.com\/se\/wp-content\/uploads\/sites\/6\/2020\/10\/idea-and-innovation-DDBD538-scaled.jpg","type":"image\/jpeg"}],"author":"teddywestlund","twitter_card":"summary_large_image","twitter_misc":{"Skriven av":"teddywestlund","Ber\u00e4knad l\u00e4stid":"3 minuter"},"schema":{"@context":"https:\/\/schema.org","@graph":[{"@type":"Article","@id":"https:\/\/egn.com\/se\/tiden-ar-inne-for-oppen-innovation\/#article","isPartOf":{"@id":"https:\/\/egn.com\/se\/tiden-ar-inne-for-oppen-innovation\/"},"author":{"name":"teddywestlund","@id":"https:\/\/egn.com\/se\/#\/schema\/person\/3da3209858548246e07549b3214acdf3"},"headline":"Tiden \u00e4r inne f\u00f6r \u00f6ppen innovation","datePublished":"2020-08-29T08:10:42+00:00","dateModified":"2020-10-13T08:56:55+00:00","mainEntityOfPage":{"@id":"https:\/\/egn.com\/se\/tiden-ar-inne-for-oppen-innovation\/"},"wordCount":588,"publisher":{"@id":"https:\/\/egn.com\/se\/#organization"},"image":{"@id":"https:\/\/egn.com\/se\/tiden-ar-inne-for-oppen-innovation\/#primaryimage"},"thumbnailUrl":"https:\/\/egn.com\/se\/wp-content\/uploads\/sites\/6\/2020\/10\/idea-and-innovation-DDBD538-scaled.jpg","articleSection":["Insights"],"inLanguage":"sv-SE"},{"@type":"WebPage","@id":"https:\/\/egn.com\/se\/tiden-ar-inne-for-oppen-innovation\/","url":"https:\/\/egn.com\/se\/tiden-ar-inne-for-oppen-innovation\/","name":"Tiden \u00e4r inne f\u00f6r \u00f6ppen innovation | EGN Sverige","isPartOf":{"@id":"https:\/\/egn.com\/se\/#website"},"primaryImageOfPage":{"@id":"https:\/\/egn.com\/se\/tiden-ar-inne-for-oppen-innovation\/#primaryimage"},"image":{"@id":"https:\/\/egn.com\/se\/tiden-ar-inne-for-oppen-innovation\/#primaryimage"},"thumbnailUrl":"https:\/\/egn.com\/se\/wp-content\/uploads\/sites\/6\/2020\/10\/idea-and-innovation-DDBD538-scaled.jpg","datePublished":"2020-08-29T08:10:42+00:00","dateModified":"2020-10-13T08:56:55+00:00","description":"EGN Sverige skriver artiklar och kr\u00f6nikor f\u00f6r att l\u00e5ta dig inspireras till att v\u00e4xa som chef och ledare. Tillsammans g\u00f6r vi varandra b\u00e4ttre genom generositet, gl\u00e4dje, energi och tillit.","breadcrumb":{"@id":"https:\/\/egn.com\/se\/tiden-ar-inne-for-oppen-innovation\/#breadcrumb"},"inLanguage":"sv-SE","potentialAction":[{"@type":"ReadAction","target":["https:\/\/egn.com\/se\/tiden-ar-inne-for-oppen-innovation\/"]}]},{"@type":"ImageObject","inLanguage":"sv-SE","@id":"https:\/\/egn.com\/se\/tiden-ar-inne-for-oppen-innovation\/#primaryimage","url":"https:\/\/egn.com\/se\/wp-content\/uploads\/sites\/6\/2020\/10\/idea-and-innovation-DDBD538-scaled.jpg","contentUrl":"https:\/\/egn.com\/se\/wp-content\/uploads\/sites\/6\/2020\/10\/idea-and-innovation-DDBD538-scaled.jpg","width":3000,"height":1996,"caption":"Light bulb made of blank puzzle pieces and hand drawn rays next to a black marker. Over blue background with copy space."},{"@type":"BreadcrumbList","@id":"https:\/\/egn.com\/se\/tiden-ar-inne-for-oppen-innovation\/#breadcrumb","itemListElement":[{"@type":"ListItem","position":1,"name":"Hem","item":"https:\/\/egn.com\/se\/"},{"@type":"ListItem","position":2,"name":"Tiden \u00e4r inne f\u00f6r \u00f6ppen innovation"}]},{"@type":"WebSite","@id":"https:\/\/egn.com\/se\/#website","url":"https:\/\/egn.com\/se\/","name":"EGN Sverige","description":"Professionella n\u00e4tverk f\u00f6r ledare och specialister","publisher":{"@id":"https:\/\/egn.com\/se\/#organization"},"potentialAction":[{"@type":"SearchAction","target":{"@type":"EntryPoint","urlTemplate":"https:\/\/egn.com\/se\/?s={search_term_string}"},"query-input":{"@type":"PropertyValueSpecification","valueRequired":true,"valueName":"search_term_string"}}],"inLanguage":"sv-SE"},{"@type":"Organization","@id":"https:\/\/egn.com\/se\/#organization","name":"EGN Sverige","alternateName":"EGN","url":"https:\/\/egn.com\/se\/","logo":{"@type":"ImageObject","inLanguage":"sv-SE","@id":"https:\/\/egn.com\/se\/#\/schema\/logo\/image\/","url":"https:\/\/egn.com\/se\/wp-content\/uploads\/sites\/6\/2026\/02\/EGN.png","contentUrl":"https:\/\/egn.com\/se\/wp-content\/uploads\/sites\/6\/2026\/02\/EGN.png","width":2185,"height":699,"caption":"EGN Sverige"},"image":{"@id":"https:\/\/egn.com\/se\/#\/schema\/logo\/image\/"},"sameAs":["https:\/\/www.facebook.com\/egnsverige\/","https:\/\/www.instagram.com\/egnsverige","https:\/\/www.linkedin.com\/company\/executives-global-network"],"description":"EGN Sverige \u00e4r Sveriges st\u00f6rsta kompetensn\u00e4tverk f\u00f6r chefer och ledare som vill utveckla sitt ledarskap. Vi jobbar f\u00f6r att chefer och ledare tillsammans ska utvecklas och hj\u00e4lpa varandra med de utmaningar som man st\u00f6ter p\u00e5 i sin profession.","email":"info@egn.se","telephone":"+468210722","vatID":"556739-7905"},{"@type":"Person","@id":"https:\/\/egn.com\/se\/#\/schema\/person\/3da3209858548246e07549b3214acdf3","name":"teddywestlund","image":{"@type":"ImageObject","inLanguage":"sv-SE","@id":"https:\/\/secure.gravatar.com\/avatar\/3f51ca2bf516f332935d1c454b54add3cb558a0e74cbe71dbdb762ac63d44e80?s=96&d=mm&r=g","url":"https:\/\/secure.gravatar.com\/avatar\/3f51ca2bf516f332935d1c454b54add3cb558a0e74cbe71dbdb762ac63d44e80?s=96&d=mm&r=g","contentUrl":"https:\/\/secure.gravatar.com\/avatar\/3f51ca2bf516f332935d1c454b54add3cb558a0e74cbe71dbdb762ac63d44e80?s=96&d=mm&r=g","caption":"teddywestlund"},"url":"https:\/\/egn.com\/se\/author\/teddywestlund\/"}]}},"_links":{"self":[{"href":"https:\/\/egn.com\/se\/wp-json\/wp\/v2\/posts\/2697","targetHints":{"allow":["GET"]}}],"collection":[{"href":"https:\/\/egn.com\/se\/wp-json\/wp\/v2\/posts"}],"about":[{"href":"https:\/\/egn.com\/se\/wp-json\/wp\/v2\/types\/post"}],"author":[{"embeddable":true,"href":"https:\/\/egn.com\/se\/wp-json\/wp\/v2\/users\/36"}],"replies":[{"embeddable":true,"href":"https:\/\/egn.com\/se\/wp-json\/wp\/v2\/comments?post=2697"}],"version-history":[{"count":0,"href":"https:\/\/egn.com\/se\/wp-json\/wp\/v2\/posts\/2697\/revisions"}],"wp:featuredmedia":[{"embeddable":true,"href":"https:\/\/egn.com\/se\/wp-json\/wp\/v2\/media\/2698"}],"wp:attachment":[{"href":"https:\/\/egn.com\/se\/wp-json\/wp\/v2\/media?parent=2697"}],"wp:term":[{"taxonomy":"category","embeddable":true,"href":"https:\/\/egn.com\/se\/wp-json\/wp\/v2\/categories?post=2697"},{"taxonomy":"post_tag","embeddable":true,"href":"https:\/\/egn.com\/se\/wp-json\/wp\/v2\/tags?post=2697"}],"curies":[{"name":"wp","href":"https:\/\/api.w.org\/{rel}","templated":true}]}}