{"id":2706,"date":"2020-09-04T10:37:28","date_gmt":"2020-09-04T08:37:28","guid":{"rendered":"https:\/\/egn.com\/se\/?p=2706"},"modified":"2020-12-13T22:19:52","modified_gmt":"2020-12-13T20:19:52","slug":"ager-du-din-hisspitch","status":"publish","type":"post","link":"https:\/\/egn.com\/se\/ager-du-din-hisspitch\/","title":{"rendered":"\u00c4ger du din hisspitch?"},"content":{"rendered":"<h1 class=\"main-title\">&#8221;Jag lever n\u00e4rmare min passion idag&#8221;<\/h1>\n<div class=\"col-md-8\">\n<div class=\"node__content\">\n<div class=\"col-md-8\">\n<div><img fetchpriority=\"high\" decoding=\"async\" class=\"alignnone wp-image-2947\" src=\"https:\/\/egn.com\/se\/wp-content\/uploads\/sites\/6\/2020\/09\/Pressbild-1_Alexandra-Schuster-1-819x1024.jpg\" alt=\"\" width=\"345\" height=\"431\" srcset=\"https:\/\/egn.com\/se\/wp-content\/uploads\/sites\/6\/2020\/09\/Pressbild-1_Alexandra-Schuster-1-819x1024.jpg 819w, https:\/\/egn.com\/se\/wp-content\/uploads\/sites\/6\/2020\/09\/Pressbild-1_Alexandra-Schuster-1-240x300.jpg 240w, https:\/\/egn.com\/se\/wp-content\/uploads\/sites\/6\/2020\/09\/Pressbild-1_Alexandra-Schuster-1-768x960.jpg 768w, https:\/\/egn.com\/se\/wp-content\/uploads\/sites\/6\/2020\/09\/Pressbild-1_Alexandra-Schuster-1-19x24.jpg 19w, https:\/\/egn.com\/se\/wp-content\/uploads\/sites\/6\/2020\/09\/Pressbild-1_Alexandra-Schuster-1-29x36.jpg 29w, https:\/\/egn.com\/se\/wp-content\/uploads\/sites\/6\/2020\/09\/Pressbild-1_Alexandra-Schuster-1-38x48.jpg 38w, https:\/\/egn.com\/se\/wp-content\/uploads\/sites\/6\/2020\/09\/Pressbild-1_Alexandra-Schuster-1.jpg 856w\" sizes=\"(max-width: 345px) 100vw, 345px\" \/><\/div>\n<div><\/div>\n<div class=\"node__content\">Namn: Alexandra Schuster<br \/>\nAktuell som: Valde sparring f\u00f6r personlig utveckling<br \/>\nHuvudansvar: Nordisk produktchef f\u00f6r Arvid Nordquist Livs<br \/>\nBakgrund: Civilekonom<br \/>\n\u00c5lder: 47 \u00e5r<br \/>\nBor: Tullinge<br \/>\nFamilj: Make och en son p\u00e5 14 \u00e5r samt en golden retriever<br \/>\nB\u00e4sta ledarfr\u00e5gan jag f\u00e5tt: Vilket avtryck vill jag l\u00e4mna hos den jag m\u00f6ter?<br \/>\nKompetensutveckling: Chefsgrupp och individuell sparring genom chefs- och kompetensn\u00e4tverket EGN<\/div>\n<\/div>\n<div>\n<p>Forskning* visar att kvinnor oftast s\u00f6ker en tj\u00e4nst d\u00e4r de upplever att de uppfyller samtliga rekryteringskrav i jobbannonsen. M\u00e4n d\u00e4remot tenderar att s\u00f6ka roller d\u00e4r de uppfyller cirka 50-60 procent av kraven.\u00a0Helena Tronner, organisationspsykolog, menar att det finns en tydlig anledning varf\u00f6r kvinnor och m\u00e4n p\u00e5 gruppniv\u00e5 ofta agerar olika:<\/p>\n<p><em>&#8211; Det h\u00e4r handlar om v\u00e5r socialiseringsprocess, d\u00e4r kvinnor mer \u00e4n m\u00e4n socialiseras in i att str\u00e4va efter perfektion, medan m\u00e4n d\u00e4remot socialiseras in i att ta mer risk \u00e4n kvinnor. Det g\u00f6r att vi p\u00e5 gruppniv\u00e5 agerar olika. Vidare \u00e4r det en skillnad i sj\u00e4lvf\u00f6rtroende mellan m\u00e4n och kvinnor, d\u00e4r m\u00e4n har en tendens att \u00f6verskatta sin f\u00f6rm\u00e5ga med upp till 30 procent, medan kvinnor ofta bed\u00f6mer sig sj\u00e4lva som lite s\u00e4mre \u00e4n vad de faktiskt presterar<\/em>, s\u00e4ger hon i en intervju med KnowIT.<\/p>\n<p>Alexandra Schuster har en tjugo\u00e5rig karri\u00e4r inom livsmedelsbranschen, varav de senaste \u00e5ren som nordisk produktchef p\u00e5 Arvid Nordquist. Hon \u00e4r inte f\u00f6rv\u00e5nad \u00f6ver siffrorna men tycker ocks\u00e5 att en hel del har skett under de senaste \u00e5ren.<\/p>\n<blockquote><p><em>\u201dKvinnor bed\u00f6mer ofta sig sj\u00e4lva som lite s\u00e4mre \u00e4n vad de faktiskt presterar.\u201d<\/em><\/p><\/blockquote>\n<p><em>&#8211; N\u00e4r jag utbildade mig under nittiotalet i mitt hemland Tyskland och sedan hade mina f\u00f6rsta \u00e5r inom livsmedelsbranschen, var det i en mer hierarkisk kultur \u00e4n h\u00e4r i Sverige. Inte s\u00e4llan var jag den enda kvinnan i min n\u00e4rmsta arbetsmilj\u00f6. Sedan 2003 har jag varit verksam i Sverige d\u00e4r jag tycker att man kommit betydligt l\u00e4ngre i arbetet med j\u00e4mst\u00e4lldhetsfr\u00e5gorna. Jag m\u00e4rker att jag, som formats i en annan kultur, aktivt har beh\u00f6vt jobba f\u00f6r att st\u00e5 p\u00e5 mig och v\u00e5ga ta plats. D\u00e4rf\u00f6r ser jag det till viss del som en generationsfr\u00e5ga, d\u00e4r m\u00e5nga yngre kvinnliga kollegor \u00e4r bra p\u00e5 att kliva fram och visa vad de g\u00e5r f\u00f6r. Utvecklingen har g\u00e5tt \u00e5t r\u00e4tt h\u00e5ll.\u00a0\u00a0<\/em><\/p>\n<p>Alexandra valde 2018 att g\u00e5 med i chefs- och kompetensn\u00e4tverket EGN f\u00f6r att investera ytterligare i sin karri\u00e4r. Hon beskriver m\u00f6tet i maj 2019 med n\u00e4tverksgruppen av produktchefer som avg\u00f6rande f\u00f6r hennes personliga utveckling.<\/p>\n<p><em>&#8211; Fast det var \u00f6ver ett \u00e5r sedan minns jag det s\u00e5 tydligt. \u00c4mnet var v\u00e5rt personliga varum\u00e4rke och professionella rykte och dagen inleddes med f\u00f6ljande fr\u00e5ga: vad skulle du s\u00e4ga om du hamnade i hissen tillsammans med vd:n p\u00e5 ditt n\u00e4sta dr\u00f6mf\u00f6retag?<\/em><\/p>\n<p>Den ber\u00f6mda hisspitchen inledde ett par intensiva timmar d\u00e4r Alexandra och hennes n\u00e4tverkskollegor s\u00e5g \u00f6ver hela sin personliga karri\u00e4r och samlade alla erfarenheter och kompetenser. Fast hon hade l\u00e4st mycket om storytelling och personal branding, var det f\u00f6rsta g\u00e5ngen hon konkret arbetade aktivt med den.<\/p>\n<blockquote><p><em>\u201dJag lever n\u00e4rmare min passion idag f\u00f6r att jag har unnat mig tiden att stanna upp, reflektera och f\u00e5 nyttiga utanf\u00f6rperspektiv.\u201d\u00a0\u00a0\u00a0\u00a0<\/em><\/p><\/blockquote>\n<p>Hon minns att pitchuppgiften blev en utmaning f\u00f6r alla i gruppen p\u00e5 cirka femton produktchefer, men att slutresultatet blev \u00f6ver f\u00f6rv\u00e4ntan.<\/p>\n<p><em>&#8211; Det var oerh\u00f6rt nyttigt att \u00f6va p\u00e5 att ta plats och v\u00e5ga anv\u00e4nda stora (men sanna!) ord, inte bara f\u00f6r en produkt, utan f\u00f6r egen del. I mitt fall har livet g\u00e5tt i ett med studier, att bli f\u00f6r\u00e4lder och sedan g\u00f6ra karri\u00e4r. Det \u00e4r viktigt att inte f\u00f6rlora sig sj\u00e4lv. Det finns ocks\u00e5 en risk i, kanske inte minst n\u00e4r man jobbat l\u00e4nge p\u00e5 samma arbetsplats, att inte stanna upp och reflektera \u00f6ver sina nuvarande arbetsuppgifter. Vad vill jag?<\/em>\u00a0<em>\u00c4r min passion densamma?<\/em><\/p>\n<p>Det blev en \u201deyeopener\u201d f\u00f6r flera att stanna upp och f\u00e5 en \u00f6verblick \u00f6ver sin kunskapsutveckling under sina yrkes\u00e5r. Tillsammans med produktcheferna i gruppen arbetade de p\u00e5 en l\u00e4ngre och en kortare storytelling, presenterade sina pitchar och slipade dem efter feedback. I samband med n\u00e4tverksdagen valde Alexandra \u00e4ven att komplettera med ett sparringsamtal med sin n\u00e4tverksledare f\u00f6r att ytterligare v\u00e4ssa sin strategi.<\/p>\n<p><em>&#8211; Jag minns fortfarande att vi k\u00e4nde oss v\u00e4ldigt starka efter \u00f6vningen. F\u00f6r mig blev detta ett viktigt skifte och jag \u00e4r idag b\u00e5de mer trygg i mina styrkor och \u00e4ger min egen story genom att jag kontinuerligt verbaliserar och uppdaterar den. Jag lever ocks\u00e5 n\u00e4rmare min passion idag f\u00f6r att jag unnat mig tiden att stanna upp, reflektera och f\u00e5 nyttiga utanf\u00f6rperspektiv.\u00a0\u00a0\u00a0\u00a0<\/em><\/p>\n<p><em>*<\/em>\u00a0Ernesto Reubens studie fr\u00e5n 2011\u00a0om \u201dearnest overconfidence\u201d\u00a0<a href=\"http:\/\/ftp.iza.org\/dp5300.pdf\" target=\"_blank\" rel=\"noopener noreferrer\">The Emergence of Male Leadership in Competitive Environments<\/a><\/p>\n<\/div>\n<\/div>\n<\/div>\n","protected":false},"excerpt":{"rendered":"<p>Alexandra valde 2018 att g\u00e5 med i chefs- och kompetensn\u00e4tverket EGN f\u00f6r att investera ytterligare i sin karri\u00e4r. Hon beskriver m\u00f6tet i maj 2019 med n\u00e4tverksgruppen av produktchefer som avg\u00f6rande f\u00f6r hennes personliga utveckling.<\/p>\n","protected":false},"author":36,"featured_media":2707,"comment_status":"closed","ping_status":"open","sticky":false,"template":"","format":"standard","meta":{"_acf_changed":false,"footnotes":""},"categories":[11],"tags":[],"class_list":["post-2706","post","type-post","status-publish","format-standard","has-post-thumbnail","hentry","category-insights"],"acf":[],"yoast_head":"<title>\u00c4ger du din hisspitch? | EGN Sverige<\/title>\n<meta name=\"description\" content=\"EGN Sverige skriver artiklar och kr\u00f6nikor f\u00f6r att l\u00e5ta dig inspireras till att v\u00e4xa som chef och ledare. Tillsammans g\u00f6r vi varandra b\u00e4ttre genom generositet, gl\u00e4dje, energi och tillit.\" \/>\n<meta name=\"robots\" content=\"index, follow, max-snippet:-1, max-image-preview:large, max-video-preview:-1\" \/>\n<link rel=\"canonical\" href=\"https:\/\/egn.com\/se\/ager-du-din-hisspitch\/\" \/>\n<meta property=\"og:locale\" content=\"sv_SE\" \/>\n<meta property=\"og:type\" content=\"article\" \/>\n<meta property=\"og:title\" content=\"\u00c4ger du din hisspitch?\" \/>\n<meta property=\"og:description\" content=\"Alexandra valde 2018 att g\u00e5 med i chefs- och kompetensn\u00e4tverket EGN f\u00f6r att investera ytterligare i sin karri\u00e4r. Hon beskriver m\u00f6tet i maj 2019 med n\u00e4tverksgruppen av produktchefer som avg\u00f6rande f\u00f6r hennes personliga utveckling.\" \/>\n<meta property=\"og:url\" content=\"https:\/\/egn.com\/se\/ager-du-din-hisspitch\/\" \/>\n<meta property=\"og:site_name\" content=\"EGN Sverige\" \/>\n<meta property=\"article:publisher\" content=\"https:\/\/www.facebook.com\/egnsverige\/\" \/>\n<meta property=\"article:published_time\" content=\"2020-09-04T08:37:28+00:00\" \/>\n<meta property=\"article:modified_time\" content=\"2020-12-13T20:19:52+00:00\" \/>\n<meta property=\"og:image\" content=\"https:\/\/egn.com\/se\/wp-content\/uploads\/sites\/6\/2020\/10\/business-people-standing-in-the-elevator-X3HGU8Z-scaled.jpg\" \/>\n\t<meta property=\"og:image:width\" content=\"3000\" \/>\n\t<meta property=\"og:image:height\" content=\"2000\" \/>\n\t<meta property=\"og:image:type\" content=\"image\/jpeg\" \/>\n<meta name=\"author\" content=\"teddywestlund\" \/>\n<meta name=\"twitter:card\" content=\"summary_large_image\" \/>\n<meta name=\"twitter:label1\" content=\"Skriven av\" \/>\n\t<meta name=\"twitter:data1\" content=\"teddywestlund\" \/>\n\t<meta name=\"twitter:label2\" content=\"Ber\u00e4knad l\u00e4stid\" \/>\n\t<meta name=\"twitter:data2\" content=\"4 minuter\" \/>\n<script type=\"application\/ld+json\" class=\"yoast-schema-graph\">{\"@context\":\"https:\\\/\\\/schema.org\",\"@graph\":[{\"@type\":\"Article\",\"@id\":\"https:\\\/\\\/egn.com\\\/se\\\/ager-du-din-hisspitch\\\/#article\",\"isPartOf\":{\"@id\":\"https:\\\/\\\/egn.com\\\/se\\\/ager-du-din-hisspitch\\\/\"},\"author\":{\"name\":\"teddywestlund\",\"@id\":\"https:\\\/\\\/egn.com\\\/se\\\/#\\\/schema\\\/person\\\/3da3209858548246e07549b3214acdf3\"},\"headline\":\"\u00c4ger du din hisspitch?\",\"datePublished\":\"2020-09-04T08:37:28+00:00\",\"dateModified\":\"2020-12-13T20:19:52+00:00\",\"mainEntityOfPage\":{\"@id\":\"https:\\\/\\\/egn.com\\\/se\\\/ager-du-din-hisspitch\\\/\"},\"wordCount\":882,\"publisher\":{\"@id\":\"https:\\\/\\\/egn.com\\\/se\\\/#organization\"},\"image\":{\"@id\":\"https:\\\/\\\/egn.com\\\/se\\\/ager-du-din-hisspitch\\\/#primaryimage\"},\"thumbnailUrl\":\"https:\\\/\\\/egn.com\\\/se\\\/wp-content\\\/uploads\\\/sites\\\/6\\\/2020\\\/10\\\/business-people-standing-in-the-elevator-X3HGU8Z-scaled.jpg\",\"articleSection\":[\"Insights\"],\"inLanguage\":\"sv-SE\"},{\"@type\":\"WebPage\",\"@id\":\"https:\\\/\\\/egn.com\\\/se\\\/ager-du-din-hisspitch\\\/\",\"url\":\"https:\\\/\\\/egn.com\\\/se\\\/ager-du-din-hisspitch\\\/\",\"name\":\"\u00c4ger du din hisspitch? | EGN Sverige\",\"isPartOf\":{\"@id\":\"https:\\\/\\\/egn.com\\\/se\\\/#website\"},\"primaryImageOfPage\":{\"@id\":\"https:\\\/\\\/egn.com\\\/se\\\/ager-du-din-hisspitch\\\/#primaryimage\"},\"image\":{\"@id\":\"https:\\\/\\\/egn.com\\\/se\\\/ager-du-din-hisspitch\\\/#primaryimage\"},\"thumbnailUrl\":\"https:\\\/\\\/egn.com\\\/se\\\/wp-content\\\/uploads\\\/sites\\\/6\\\/2020\\\/10\\\/business-people-standing-in-the-elevator-X3HGU8Z-scaled.jpg\",\"datePublished\":\"2020-09-04T08:37:28+00:00\",\"dateModified\":\"2020-12-13T20:19:52+00:00\",\"description\":\"EGN Sverige skriver artiklar och kr\u00f6nikor f\u00f6r att l\u00e5ta dig inspireras till att v\u00e4xa som chef och ledare. Tillsammans g\u00f6r vi varandra b\u00e4ttre genom generositet, gl\u00e4dje, energi och tillit.\",\"breadcrumb\":{\"@id\":\"https:\\\/\\\/egn.com\\\/se\\\/ager-du-din-hisspitch\\\/#breadcrumb\"},\"inLanguage\":\"sv-SE\",\"potentialAction\":[{\"@type\":\"ReadAction\",\"target\":[\"https:\\\/\\\/egn.com\\\/se\\\/ager-du-din-hisspitch\\\/\"]}]},{\"@type\":\"ImageObject\",\"inLanguage\":\"sv-SE\",\"@id\":\"https:\\\/\\\/egn.com\\\/se\\\/ager-du-din-hisspitch\\\/#primaryimage\",\"url\":\"https:\\\/\\\/egn.com\\\/se\\\/wp-content\\\/uploads\\\/sites\\\/6\\\/2020\\\/10\\\/business-people-standing-in-the-elevator-X3HGU8Z-scaled.jpg\",\"contentUrl\":\"https:\\\/\\\/egn.com\\\/se\\\/wp-content\\\/uploads\\\/sites\\\/6\\\/2020\\\/10\\\/business-people-standing-in-the-elevator-X3HGU8Z-scaled.jpg\",\"width\":3000,\"height\":2000,\"caption\":\"Business couple meeting in the elevator of modern office building\"},{\"@type\":\"BreadcrumbList\",\"@id\":\"https:\\\/\\\/egn.com\\\/se\\\/ager-du-din-hisspitch\\\/#breadcrumb\",\"itemListElement\":[{\"@type\":\"ListItem\",\"position\":1,\"name\":\"Hem\",\"item\":\"https:\\\/\\\/egn.com\\\/se\\\/\"},{\"@type\":\"ListItem\",\"position\":2,\"name\":\"\u00c4ger du din hisspitch?\"}]},{\"@type\":\"WebSite\",\"@id\":\"https:\\\/\\\/egn.com\\\/se\\\/#website\",\"url\":\"https:\\\/\\\/egn.com\\\/se\\\/\",\"name\":\"EGN Sverige\",\"description\":\"Professionella n\u00e4tverk f\u00f6r ledare och specialister\",\"publisher\":{\"@id\":\"https:\\\/\\\/egn.com\\\/se\\\/#organization\"},\"potentialAction\":[{\"@type\":\"SearchAction\",\"target\":{\"@type\":\"EntryPoint\",\"urlTemplate\":\"https:\\\/\\\/egn.com\\\/se\\\/?s={search_term_string}\"},\"query-input\":{\"@type\":\"PropertyValueSpecification\",\"valueRequired\":true,\"valueName\":\"search_term_string\"}}],\"inLanguage\":\"sv-SE\"},{\"@type\":\"Organization\",\"@id\":\"https:\\\/\\\/egn.com\\\/se\\\/#organization\",\"name\":\"EGN Sverige\",\"alternateName\":\"EGN\",\"url\":\"https:\\\/\\\/egn.com\\\/se\\\/\",\"logo\":{\"@type\":\"ImageObject\",\"inLanguage\":\"sv-SE\",\"@id\":\"https:\\\/\\\/egn.com\\\/se\\\/#\\\/schema\\\/logo\\\/image\\\/\",\"url\":\"https:\\\/\\\/egn.com\\\/se\\\/wp-content\\\/uploads\\\/sites\\\/6\\\/2026\\\/02\\\/EGN.png\",\"contentUrl\":\"https:\\\/\\\/egn.com\\\/se\\\/wp-content\\\/uploads\\\/sites\\\/6\\\/2026\\\/02\\\/EGN.png\",\"width\":2185,\"height\":699,\"caption\":\"EGN Sverige\"},\"image\":{\"@id\":\"https:\\\/\\\/egn.com\\\/se\\\/#\\\/schema\\\/logo\\\/image\\\/\"},\"sameAs\":[\"https:\\\/\\\/www.facebook.com\\\/egnsverige\\\/\",\"https:\\\/\\\/www.instagram.com\\\/egnsverige\",\"https:\\\/\\\/www.linkedin.com\\\/company\\\/executives-global-network\"],\"description\":\"EGN Sverige \u00e4r Sveriges st\u00f6rsta kompetensn\u00e4tverk f\u00f6r chefer och ledare som vill utveckla sitt ledarskap. Vi jobbar f\u00f6r att chefer och ledare tillsammans ska utvecklas och hj\u00e4lpa varandra med de utmaningar som man st\u00f6ter p\u00e5 i sin profession.\",\"email\":\"info@egn.se\",\"telephone\":\"+468210722\",\"vatID\":\"556739-7905\"},{\"@type\":\"Person\",\"@id\":\"https:\\\/\\\/egn.com\\\/se\\\/#\\\/schema\\\/person\\\/3da3209858548246e07549b3214acdf3\",\"name\":\"teddywestlund\",\"image\":{\"@type\":\"ImageObject\",\"inLanguage\":\"sv-SE\",\"@id\":\"https:\\\/\\\/secure.gravatar.com\\\/avatar\\\/3f51ca2bf516f332935d1c454b54add3cb558a0e74cbe71dbdb762ac63d44e80?s=96&d=mm&r=g\",\"url\":\"https:\\\/\\\/secure.gravatar.com\\\/avatar\\\/3f51ca2bf516f332935d1c454b54add3cb558a0e74cbe71dbdb762ac63d44e80?s=96&d=mm&r=g\",\"contentUrl\":\"https:\\\/\\\/secure.gravatar.com\\\/avatar\\\/3f51ca2bf516f332935d1c454b54add3cb558a0e74cbe71dbdb762ac63d44e80?s=96&d=mm&r=g\",\"caption\":\"teddywestlund\"},\"url\":\"https:\\\/\\\/egn.com\\\/se\\\/author\\\/teddywestlund\\\/\"}]}<\/script>","yoast_head_json":{"title":"\u00c4ger du din hisspitch? | EGN Sverige","description":"EGN Sverige skriver artiklar och kr\u00f6nikor f\u00f6r att l\u00e5ta dig inspireras till att v\u00e4xa som chef och ledare. Tillsammans g\u00f6r vi varandra b\u00e4ttre genom generositet, gl\u00e4dje, energi och tillit.","robots":{"index":"index","follow":"follow","max-snippet":"max-snippet:-1","max-image-preview":"max-image-preview:large","max-video-preview":"max-video-preview:-1"},"canonical":"https:\/\/egn.com\/se\/ager-du-din-hisspitch\/","og_locale":"sv_SE","og_type":"article","og_title":"\u00c4ger du din hisspitch?","og_description":"Alexandra valde 2018 att g\u00e5 med i chefs- och kompetensn\u00e4tverket EGN f\u00f6r att investera ytterligare i sin karri\u00e4r. Hon beskriver m\u00f6tet i maj 2019 med n\u00e4tverksgruppen av produktchefer som avg\u00f6rande f\u00f6r hennes personliga utveckling.","og_url":"https:\/\/egn.com\/se\/ager-du-din-hisspitch\/","og_site_name":"EGN Sverige","article_publisher":"https:\/\/www.facebook.com\/egnsverige\/","article_published_time":"2020-09-04T08:37:28+00:00","article_modified_time":"2020-12-13T20:19:52+00:00","og_image":[{"width":3000,"height":2000,"url":"https:\/\/egn.com\/se\/wp-content\/uploads\/sites\/6\/2020\/10\/business-people-standing-in-the-elevator-X3HGU8Z-scaled.jpg","type":"image\/jpeg"}],"author":"teddywestlund","twitter_card":"summary_large_image","twitter_misc":{"Skriven av":"teddywestlund","Ber\u00e4knad l\u00e4stid":"4 minuter"},"schema":{"@context":"https:\/\/schema.org","@graph":[{"@type":"Article","@id":"https:\/\/egn.com\/se\/ager-du-din-hisspitch\/#article","isPartOf":{"@id":"https:\/\/egn.com\/se\/ager-du-din-hisspitch\/"},"author":{"name":"teddywestlund","@id":"https:\/\/egn.com\/se\/#\/schema\/person\/3da3209858548246e07549b3214acdf3"},"headline":"\u00c4ger du din hisspitch?","datePublished":"2020-09-04T08:37:28+00:00","dateModified":"2020-12-13T20:19:52+00:00","mainEntityOfPage":{"@id":"https:\/\/egn.com\/se\/ager-du-din-hisspitch\/"},"wordCount":882,"publisher":{"@id":"https:\/\/egn.com\/se\/#organization"},"image":{"@id":"https:\/\/egn.com\/se\/ager-du-din-hisspitch\/#primaryimage"},"thumbnailUrl":"https:\/\/egn.com\/se\/wp-content\/uploads\/sites\/6\/2020\/10\/business-people-standing-in-the-elevator-X3HGU8Z-scaled.jpg","articleSection":["Insights"],"inLanguage":"sv-SE"},{"@type":"WebPage","@id":"https:\/\/egn.com\/se\/ager-du-din-hisspitch\/","url":"https:\/\/egn.com\/se\/ager-du-din-hisspitch\/","name":"\u00c4ger du din hisspitch? | EGN Sverige","isPartOf":{"@id":"https:\/\/egn.com\/se\/#website"},"primaryImageOfPage":{"@id":"https:\/\/egn.com\/se\/ager-du-din-hisspitch\/#primaryimage"},"image":{"@id":"https:\/\/egn.com\/se\/ager-du-din-hisspitch\/#primaryimage"},"thumbnailUrl":"https:\/\/egn.com\/se\/wp-content\/uploads\/sites\/6\/2020\/10\/business-people-standing-in-the-elevator-X3HGU8Z-scaled.jpg","datePublished":"2020-09-04T08:37:28+00:00","dateModified":"2020-12-13T20:19:52+00:00","description":"EGN Sverige skriver artiklar och kr\u00f6nikor f\u00f6r att l\u00e5ta dig inspireras till att v\u00e4xa som chef och ledare. Tillsammans g\u00f6r vi varandra b\u00e4ttre genom generositet, gl\u00e4dje, energi och tillit.","breadcrumb":{"@id":"https:\/\/egn.com\/se\/ager-du-din-hisspitch\/#breadcrumb"},"inLanguage":"sv-SE","potentialAction":[{"@type":"ReadAction","target":["https:\/\/egn.com\/se\/ager-du-din-hisspitch\/"]}]},{"@type":"ImageObject","inLanguage":"sv-SE","@id":"https:\/\/egn.com\/se\/ager-du-din-hisspitch\/#primaryimage","url":"https:\/\/egn.com\/se\/wp-content\/uploads\/sites\/6\/2020\/10\/business-people-standing-in-the-elevator-X3HGU8Z-scaled.jpg","contentUrl":"https:\/\/egn.com\/se\/wp-content\/uploads\/sites\/6\/2020\/10\/business-people-standing-in-the-elevator-X3HGU8Z-scaled.jpg","width":3000,"height":2000,"caption":"Business couple meeting in the elevator of modern office building"},{"@type":"BreadcrumbList","@id":"https:\/\/egn.com\/se\/ager-du-din-hisspitch\/#breadcrumb","itemListElement":[{"@type":"ListItem","position":1,"name":"Hem","item":"https:\/\/egn.com\/se\/"},{"@type":"ListItem","position":2,"name":"\u00c4ger du din hisspitch?"}]},{"@type":"WebSite","@id":"https:\/\/egn.com\/se\/#website","url":"https:\/\/egn.com\/se\/","name":"EGN Sverige","description":"Professionella n\u00e4tverk f\u00f6r ledare och specialister","publisher":{"@id":"https:\/\/egn.com\/se\/#organization"},"potentialAction":[{"@type":"SearchAction","target":{"@type":"EntryPoint","urlTemplate":"https:\/\/egn.com\/se\/?s={search_term_string}"},"query-input":{"@type":"PropertyValueSpecification","valueRequired":true,"valueName":"search_term_string"}}],"inLanguage":"sv-SE"},{"@type":"Organization","@id":"https:\/\/egn.com\/se\/#organization","name":"EGN Sverige","alternateName":"EGN","url":"https:\/\/egn.com\/se\/","logo":{"@type":"ImageObject","inLanguage":"sv-SE","@id":"https:\/\/egn.com\/se\/#\/schema\/logo\/image\/","url":"https:\/\/egn.com\/se\/wp-content\/uploads\/sites\/6\/2026\/02\/EGN.png","contentUrl":"https:\/\/egn.com\/se\/wp-content\/uploads\/sites\/6\/2026\/02\/EGN.png","width":2185,"height":699,"caption":"EGN Sverige"},"image":{"@id":"https:\/\/egn.com\/se\/#\/schema\/logo\/image\/"},"sameAs":["https:\/\/www.facebook.com\/egnsverige\/","https:\/\/www.instagram.com\/egnsverige","https:\/\/www.linkedin.com\/company\/executives-global-network"],"description":"EGN Sverige \u00e4r Sveriges st\u00f6rsta kompetensn\u00e4tverk f\u00f6r chefer och ledare som vill utveckla sitt ledarskap. Vi jobbar f\u00f6r att chefer och ledare tillsammans ska utvecklas och hj\u00e4lpa varandra med de utmaningar som man st\u00f6ter p\u00e5 i sin profession.","email":"info@egn.se","telephone":"+468210722","vatID":"556739-7905"},{"@type":"Person","@id":"https:\/\/egn.com\/se\/#\/schema\/person\/3da3209858548246e07549b3214acdf3","name":"teddywestlund","image":{"@type":"ImageObject","inLanguage":"sv-SE","@id":"https:\/\/secure.gravatar.com\/avatar\/3f51ca2bf516f332935d1c454b54add3cb558a0e74cbe71dbdb762ac63d44e80?s=96&d=mm&r=g","url":"https:\/\/secure.gravatar.com\/avatar\/3f51ca2bf516f332935d1c454b54add3cb558a0e74cbe71dbdb762ac63d44e80?s=96&d=mm&r=g","contentUrl":"https:\/\/secure.gravatar.com\/avatar\/3f51ca2bf516f332935d1c454b54add3cb558a0e74cbe71dbdb762ac63d44e80?s=96&d=mm&r=g","caption":"teddywestlund"},"url":"https:\/\/egn.com\/se\/author\/teddywestlund\/"}]}},"_links":{"self":[{"href":"https:\/\/egn.com\/se\/wp-json\/wp\/v2\/posts\/2706","targetHints":{"allow":["GET"]}}],"collection":[{"href":"https:\/\/egn.com\/se\/wp-json\/wp\/v2\/posts"}],"about":[{"href":"https:\/\/egn.com\/se\/wp-json\/wp\/v2\/types\/post"}],"author":[{"embeddable":true,"href":"https:\/\/egn.com\/se\/wp-json\/wp\/v2\/users\/36"}],"replies":[{"embeddable":true,"href":"https:\/\/egn.com\/se\/wp-json\/wp\/v2\/comments?post=2706"}],"version-history":[{"count":0,"href":"https:\/\/egn.com\/se\/wp-json\/wp\/v2\/posts\/2706\/revisions"}],"wp:featuredmedia":[{"embeddable":true,"href":"https:\/\/egn.com\/se\/wp-json\/wp\/v2\/media\/2707"}],"wp:attachment":[{"href":"https:\/\/egn.com\/se\/wp-json\/wp\/v2\/media?parent=2706"}],"wp:term":[{"taxonomy":"category","embeddable":true,"href":"https:\/\/egn.com\/se\/wp-json\/wp\/v2\/categories?post=2706"},{"taxonomy":"post_tag","embeddable":true,"href":"https:\/\/egn.com\/se\/wp-json\/wp\/v2\/tags?post=2706"}],"curies":[{"name":"wp","href":"https:\/\/api.w.org\/{rel}","templated":true}]}}