{"id":2825,"date":"2020-11-10T11:35:45","date_gmt":"2020-11-10T09:35:45","guid":{"rendered":"https:\/\/egn.com\/se\/?p=2825"},"modified":"2020-11-12T09:18:53","modified_gmt":"2020-11-12T07:18:53","slug":"hur-bra-arbetar-du-med-kollegor-med-vitt-skilda-asikter","status":"publish","type":"post","link":"https:\/\/egn.com\/se\/hur-bra-arbetar-du-med-kollegor-med-vitt-skilda-asikter\/","title":{"rendered":"Hur bra arbetar du med kollegor med vitt skilda \u00e5sikter?"},"content":{"rendered":"<h1>Skapa tolerans och god anda p\u00e5 jobbet<\/h1>\n<p>De senaste \u00e5ren \u2013 och inte minst m\u00e5naderna \u2013 har l\u00e4get i USA blivit alltmer polariserat och uppdelat. Som svensk kan man ibland f\u00f6rundras \u00f6ver att amerikanska kollegor, grannar och sl\u00e4ktingar med olika politisk f\u00e4rg, kan ha s\u00e5 sv\u00e5rt att l\u00e4gga de olika \u00e5sikterna \u00e5t sidan. I en ny <a href=\"https:\/\/www.gartner.com\/en\/newsroom\/press-releases\/2020-10-27-gartner-survey-finds-sixty-percent-of-employees-report-the-us-presidential-election-is-impacting-their-ability-to-get-work-done#:~:text=Organizations%20Must%20Actively%20Manage%20Politics,the%20upcoming%20U.S.%20presidential%20election.\">Gartner-unders\u00f6kning<\/a> bland anst\u00e4llda i USA uppger 22 procent att valets utg\u00e5ng har en stor p\u00e5verkan p\u00e5 deras m\u00f6jligheter att utf\u00f6ra sitt jobb och 43 procent menar sig ha sv\u00e5rt att arbeta med en kollega p\u00e5 grund av deras skilda politiska \u00e5sikter. En <a href=\"https:\/\/zety.com\/blog\/politics-at-work\">studie av Zety<\/a> uppger att 83,3 procent pratar politik p\u00e5 jobbet och 37,5 procent k\u00e4nner sig obekv\u00e4ma p\u00e5 grund av de politiska diskussionerna.<\/p>\n<p>Hur \u00e4r st\u00e4mningen p\u00e5 din arbetsplats? \u00c4r du med och skapar h\u00f6gt i tak eller hur villkorlig \u00e4r acceptansen f\u00f6r olika ideologier och \u00e5sk\u00e5dningar i din n\u00e4rmilj\u00f6?<\/p>\n<p><a href=\"https:\/\/www.linkedin.com\/in\/tracybrowerphd\/\">Tracy Brower<\/a>, sociolog i arbetsmilj\u00f6, skriver i Forbes om tre enkla tips p\u00e5 hur vi kan hj\u00e4lpas \u00e5t att skapa tolerans och god anda p\u00e5 jobbet, n\u00e4r de politiska (s\u00e5v\u00e4l som andra) \u00e5sikter \u00e4r vitt skilda:<\/p>\n<blockquote><p>\u201dVerklig intelligens \u00e4r att kunna h\u00e5lla tv\u00e5 motsatta id\u00e9er i tanken samtidigt\u201d<\/p><\/blockquote>\n<ol>\n<li><strong>Utg\u00e5 fr\u00e5n att det finns goda intentioner <\/strong><\/li>\n<\/ol>\n<p>\u00c4ven om dina kollegors \u00e5sikter kan skilja sig mycket fr\u00e5n dina, delar ni f\u00f6rmodligen mycket i stort, som m\u00e5let om ett fungerande och h\u00e4lsosamt samh\u00e4lle, ert engagemang f\u00f6r barn och familjemedlemmar runtomkring er, likv\u00e4l som att lyckas med det ni tar er an. Att fokusera p\u00e5 de gemensamma n\u00e4mnare som finns \u00e4r ett stort steg p\u00e5 v\u00e4gen att bygga mer f\u00f6rst\u00e5else och fungerande relationer p\u00e5 jobbet \u2013 \u00e4ven n\u00e4r ni tycker drastiskt olika.<\/p>\n<ol start=\"2\">\n<li><strong>Vi f\u00e5r alla del av olika information<\/strong><\/li>\n<\/ol>\n<p>Digitaliseringen och inte minst alla sociala plattformar spelar en avg\u00f6rande roll i vilken information vi personligen f\u00e5r del av. Mer \u00e4n n\u00e5gonsin v\u00e4ljer vi nyhetsk\u00e4llor och \u201dfakta\u201d baserade p\u00e5 v\u00e5ra personliga intressen och ideologier. Algoritmer i v\u00e5ra sociala fl\u00f6den g\u00f6r sitt f\u00f6r att ge oss information som redan matchar v\u00e5ra befintliga \u00e5sikter. Har du testat att g\u00f6ra samma s\u00f6kning som din kollega eller familjemedlem? R\u00e4kna med att ni f\u00e5r olika resultat.<\/p>\n<p>Det kan vara v\u00e4rt att komma ih\u00e5g att vi formas av vad vi l\u00e4ser och drar v\u00e5ra slutsatser utifr\u00e5n vad vi uts\u00e4tts f\u00f6r \u2013 en anledning att vara \u00f6ppen f\u00f6r att f\u00f6rst\u00e5 vad den andra personen kommer ifr\u00e5n.<\/p>\n<ol start=\"3\">\n<li><strong>Ett tillf\u00e4lle att l\u00e4ra sig mer<\/strong><\/li>\n<\/ol>\n<p>Om du hamnar i ett samtal om politik (eller en annan het diskussion) finns det alltid n\u00e5got att l\u00e4ra sig. St\u00e4ll fr\u00e5gor f\u00f6r att f\u00f6rst\u00e5 din kollegas perspektiv. Lyssna helhj\u00e4rtat f\u00f6r att uppt\u00e4cka vilka \u201dvarf\u00f6r\u201d som ligger till grunden f\u00f6r den starka \u00e5sikten. Se till att det i samtalet finns gener\u00f6st med genuint utbyte. F\u00f6rs\u00f6k att uppt\u00e4cka nya synpunkter som kan hj\u00e4lpa dig att vidga dina perspektiv.<\/p>\n<p>\u201dVerklig intelligens \u00e4r att kunna h\u00e5lla tv\u00e5 motsatta id\u00e9er i tanken samtidigt\u201d, forts\u00e4tter Tracy Brower och menar att utbyte med en omgivning d\u00e4r det finns stor bredd i tankar, uppfattning och ideologier hj\u00e4lper oss att mogna och \u00f6ka v\u00e5r sj\u00e4lvreflektion av v\u00e5ra personliga \u00e5sikter. Och genom att \u00f6va p\u00e5 v\u00e5ra f\u00e4rdigheter att lyssna, debattera och kompromissa kan vi skapa h\u00f6jd i samtal och f\u00e5 det betydligt trevligare p\u00e5 jobbet.<\/p>\n<p><strong>L\u00e4s \u00e4ven: <a href=\"https:\/\/egn.com\/se\/natverkar-du-ocksa-helst-med-likasinnade\/\">N\u00e4tverkar du ocks\u00e5 helst med likasinnade?<\/a><\/strong><\/p>\n","protected":false},"excerpt":{"rendered":"<p>Hur \u00e4r st\u00e4mningen p\u00e5 din arbetsplats? \u00c4r du med och skapar h\u00f6jd i taket eller hur villkorlig \u00e4r acceptansen f\u00f6r olika ideologier och \u00e5sk\u00e5dningar i din n\u00e4rmilj\u00f6?<\/p>\n","protected":false},"author":36,"featured_media":2827,"comment_status":"closed","ping_status":"open","sticky":false,"template":"","format":"standard","meta":{"_acf_changed":false,"footnotes":""},"categories":[11],"tags":[],"class_list":["post-2825","post","type-post","status-publish","format-standard","has-post-thumbnail","hentry","category-insights"],"acf":[],"yoast_head":"<title>Hur bra arbetar du med kollegor med vitt skilda \u00e5sikter? | EGN Sverige<\/title>\n<meta name=\"description\" content=\"EGN Sverige skriver artiklar och kr\u00f6nikor f\u00f6r att l\u00e5ta dig inspireras till att v\u00e4xa som chef och ledare. Tillsammans g\u00f6r vi varandra b\u00e4ttre genom generositet, gl\u00e4dje, energi och tillit.\" \/>\n<meta name=\"robots\" content=\"index, follow, max-snippet:-1, max-image-preview:large, max-video-preview:-1\" \/>\n<link rel=\"canonical\" href=\"https:\/\/egn.com\/se\/hur-bra-arbetar-du-med-kollegor-med-vitt-skilda-asikter\/\" \/>\n<meta property=\"og:locale\" content=\"sv_SE\" \/>\n<meta property=\"og:type\" content=\"article\" \/>\n<meta property=\"og:title\" content=\"Hur bra arbetar du med kollegor med vitt skilda \u00e5sikter?\" \/>\n<meta property=\"og:description\" content=\"Hur \u00e4r st\u00e4mningen p\u00e5 din arbetsplats? \u00c4r du med och skapar h\u00f6jd i taket eller hur villkorlig \u00e4r acceptansen f\u00f6r olika ideologier och \u00e5sk\u00e5dningar i din n\u00e4rmilj\u00f6?\" \/>\n<meta property=\"og:url\" content=\"https:\/\/egn.com\/se\/hur-bra-arbetar-du-med-kollegor-med-vitt-skilda-asikter\/\" \/>\n<meta property=\"og:site_name\" content=\"EGN Sverige\" \/>\n<meta property=\"article:publisher\" content=\"https:\/\/www.facebook.com\/egnsverige\/\" \/>\n<meta property=\"article:published_time\" content=\"2020-11-10T09:35:45+00:00\" \/>\n<meta property=\"article:modified_time\" content=\"2020-11-12T07:18:53+00:00\" \/>\n<meta property=\"og:image\" content=\"https:\/\/egn.com\/se\/wp-content\/uploads\/sites\/6\/2020\/11\/the-two-boys-fighting-PNS9HKU-scaled.jpg\" \/>\n\t<meta property=\"og:image:width\" content=\"3000\" \/>\n\t<meta property=\"og:image:height\" content=\"2319\" \/>\n\t<meta property=\"og:image:type\" content=\"image\/jpeg\" \/>\n<meta name=\"author\" content=\"teddywestlund\" \/>\n<meta name=\"twitter:card\" content=\"summary_large_image\" \/>\n<meta name=\"twitter:label1\" content=\"Skriven av\" \/>\n\t<meta name=\"twitter:data1\" content=\"teddywestlund\" \/>\n\t<meta name=\"twitter:label2\" content=\"Ber\u00e4knad l\u00e4stid\" \/>\n\t<meta name=\"twitter:data2\" content=\"3 minuter\" \/>\n<script type=\"application\/ld+json\" class=\"yoast-schema-graph\">{\"@context\":\"https:\\\/\\\/schema.org\",\"@graph\":[{\"@type\":\"Article\",\"@id\":\"https:\\\/\\\/egn.com\\\/se\\\/hur-bra-arbetar-du-med-kollegor-med-vitt-skilda-asikter\\\/#article\",\"isPartOf\":{\"@id\":\"https:\\\/\\\/egn.com\\\/se\\\/hur-bra-arbetar-du-med-kollegor-med-vitt-skilda-asikter\\\/\"},\"author\":{\"name\":\"teddywestlund\",\"@id\":\"https:\\\/\\\/egn.com\\\/se\\\/#\\\/schema\\\/person\\\/3da3209858548246e07549b3214acdf3\"},\"headline\":\"Hur bra arbetar du med kollegor med vitt skilda \u00e5sikter?\",\"datePublished\":\"2020-11-10T09:35:45+00:00\",\"dateModified\":\"2020-11-12T07:18:53+00:00\",\"mainEntityOfPage\":{\"@id\":\"https:\\\/\\\/egn.com\\\/se\\\/hur-bra-arbetar-du-med-kollegor-med-vitt-skilda-asikter\\\/\"},\"wordCount\":641,\"publisher\":{\"@id\":\"https:\\\/\\\/egn.com\\\/se\\\/#organization\"},\"image\":{\"@id\":\"https:\\\/\\\/egn.com\\\/se\\\/hur-bra-arbetar-du-med-kollegor-med-vitt-skilda-asikter\\\/#primaryimage\"},\"thumbnailUrl\":\"https:\\\/\\\/egn.com\\\/se\\\/wp-content\\\/uploads\\\/sites\\\/6\\\/2020\\\/11\\\/the-two-boys-fighting-PNS9HKU-scaled.jpg\",\"articleSection\":[\"Insights\"],\"inLanguage\":\"sv-SE\"},{\"@type\":\"WebPage\",\"@id\":\"https:\\\/\\\/egn.com\\\/se\\\/hur-bra-arbetar-du-med-kollegor-med-vitt-skilda-asikter\\\/\",\"url\":\"https:\\\/\\\/egn.com\\\/se\\\/hur-bra-arbetar-du-med-kollegor-med-vitt-skilda-asikter\\\/\",\"name\":\"Hur bra arbetar du med kollegor med vitt skilda \u00e5sikter? | EGN Sverige\",\"isPartOf\":{\"@id\":\"https:\\\/\\\/egn.com\\\/se\\\/#website\"},\"primaryImageOfPage\":{\"@id\":\"https:\\\/\\\/egn.com\\\/se\\\/hur-bra-arbetar-du-med-kollegor-med-vitt-skilda-asikter\\\/#primaryimage\"},\"image\":{\"@id\":\"https:\\\/\\\/egn.com\\\/se\\\/hur-bra-arbetar-du-med-kollegor-med-vitt-skilda-asikter\\\/#primaryimage\"},\"thumbnailUrl\":\"https:\\\/\\\/egn.com\\\/se\\\/wp-content\\\/uploads\\\/sites\\\/6\\\/2020\\\/11\\\/the-two-boys-fighting-PNS9HKU-scaled.jpg\",\"datePublished\":\"2020-11-10T09:35:45+00:00\",\"dateModified\":\"2020-11-12T07:18:53+00:00\",\"description\":\"EGN Sverige skriver artiklar och kr\u00f6nikor f\u00f6r att l\u00e5ta dig inspireras till att v\u00e4xa som chef och ledare. Tillsammans g\u00f6r vi varandra b\u00e4ttre genom generositet, gl\u00e4dje, energi och tillit.\",\"breadcrumb\":{\"@id\":\"https:\\\/\\\/egn.com\\\/se\\\/hur-bra-arbetar-du-med-kollegor-med-vitt-skilda-asikter\\\/#breadcrumb\"},\"inLanguage\":\"sv-SE\",\"potentialAction\":[{\"@type\":\"ReadAction\",\"target\":[\"https:\\\/\\\/egn.com\\\/se\\\/hur-bra-arbetar-du-med-kollegor-med-vitt-skilda-asikter\\\/\"]}]},{\"@type\":\"ImageObject\",\"inLanguage\":\"sv-SE\",\"@id\":\"https:\\\/\\\/egn.com\\\/se\\\/hur-bra-arbetar-du-med-kollegor-med-vitt-skilda-asikter\\\/#primaryimage\",\"url\":\"https:\\\/\\\/egn.com\\\/se\\\/wp-content\\\/uploads\\\/sites\\\/6\\\/2020\\\/11\\\/the-two-boys-fighting-PNS9HKU-scaled.jpg\",\"contentUrl\":\"https:\\\/\\\/egn.com\\\/se\\\/wp-content\\\/uploads\\\/sites\\\/6\\\/2020\\\/11\\\/the-two-boys-fighting-PNS9HKU-scaled.jpg\",\"width\":3000,\"height\":2319,\"caption\":\"The teen boys fighting at Aikido training in martial arts school. Healthy lifestyle and sports concept. Teenagers in white kimono on white background. Children with concentrated faces\"},{\"@type\":\"BreadcrumbList\",\"@id\":\"https:\\\/\\\/egn.com\\\/se\\\/hur-bra-arbetar-du-med-kollegor-med-vitt-skilda-asikter\\\/#breadcrumb\",\"itemListElement\":[{\"@type\":\"ListItem\",\"position\":1,\"name\":\"Hem\",\"item\":\"https:\\\/\\\/egn.com\\\/se\\\/\"},{\"@type\":\"ListItem\",\"position\":2,\"name\":\"Hur bra arbetar du med kollegor med vitt&hellip;\"}]},{\"@type\":\"WebSite\",\"@id\":\"https:\\\/\\\/egn.com\\\/se\\\/#website\",\"url\":\"https:\\\/\\\/egn.com\\\/se\\\/\",\"name\":\"EGN Sverige\",\"description\":\"Professionella n\u00e4tverk f\u00f6r ledare och specialister\",\"publisher\":{\"@id\":\"https:\\\/\\\/egn.com\\\/se\\\/#organization\"},\"potentialAction\":[{\"@type\":\"SearchAction\",\"target\":{\"@type\":\"EntryPoint\",\"urlTemplate\":\"https:\\\/\\\/egn.com\\\/se\\\/?s={search_term_string}\"},\"query-input\":{\"@type\":\"PropertyValueSpecification\",\"valueRequired\":true,\"valueName\":\"search_term_string\"}}],\"inLanguage\":\"sv-SE\"},{\"@type\":\"Organization\",\"@id\":\"https:\\\/\\\/egn.com\\\/se\\\/#organization\",\"name\":\"EGN Sverige\",\"alternateName\":\"EGN\",\"url\":\"https:\\\/\\\/egn.com\\\/se\\\/\",\"logo\":{\"@type\":\"ImageObject\",\"inLanguage\":\"sv-SE\",\"@id\":\"https:\\\/\\\/egn.com\\\/se\\\/#\\\/schema\\\/logo\\\/image\\\/\",\"url\":\"https:\\\/\\\/egn.com\\\/se\\\/wp-content\\\/uploads\\\/sites\\\/6\\\/2026\\\/02\\\/EGN.png\",\"contentUrl\":\"https:\\\/\\\/egn.com\\\/se\\\/wp-content\\\/uploads\\\/sites\\\/6\\\/2026\\\/02\\\/EGN.png\",\"width\":2185,\"height\":699,\"caption\":\"EGN Sverige\"},\"image\":{\"@id\":\"https:\\\/\\\/egn.com\\\/se\\\/#\\\/schema\\\/logo\\\/image\\\/\"},\"sameAs\":[\"https:\\\/\\\/www.facebook.com\\\/egnsverige\\\/\",\"https:\\\/\\\/www.instagram.com\\\/egnsverige\",\"https:\\\/\\\/www.linkedin.com\\\/company\\\/executives-global-network\"],\"description\":\"EGN Sverige \u00e4r Sveriges st\u00f6rsta kompetensn\u00e4tverk f\u00f6r chefer och ledare som vill utveckla sitt ledarskap. Vi jobbar f\u00f6r att chefer och ledare tillsammans ska utvecklas och hj\u00e4lpa varandra med de utmaningar som man st\u00f6ter p\u00e5 i sin profession.\",\"email\":\"info@egn.se\",\"telephone\":\"+468210722\",\"vatID\":\"556739-7905\"},{\"@type\":\"Person\",\"@id\":\"https:\\\/\\\/egn.com\\\/se\\\/#\\\/schema\\\/person\\\/3da3209858548246e07549b3214acdf3\",\"name\":\"teddywestlund\",\"image\":{\"@type\":\"ImageObject\",\"inLanguage\":\"sv-SE\",\"@id\":\"https:\\\/\\\/secure.gravatar.com\\\/avatar\\\/3f51ca2bf516f332935d1c454b54add3cb558a0e74cbe71dbdb762ac63d44e80?s=96&d=mm&r=g\",\"url\":\"https:\\\/\\\/secure.gravatar.com\\\/avatar\\\/3f51ca2bf516f332935d1c454b54add3cb558a0e74cbe71dbdb762ac63d44e80?s=96&d=mm&r=g\",\"contentUrl\":\"https:\\\/\\\/secure.gravatar.com\\\/avatar\\\/3f51ca2bf516f332935d1c454b54add3cb558a0e74cbe71dbdb762ac63d44e80?s=96&d=mm&r=g\",\"caption\":\"teddywestlund\"},\"url\":\"https:\\\/\\\/egn.com\\\/se\\\/author\\\/teddywestlund\\\/\"}]}<\/script>","yoast_head_json":{"title":"Hur bra arbetar du med kollegor med vitt skilda \u00e5sikter? | EGN Sverige","description":"EGN Sverige skriver artiklar och kr\u00f6nikor f\u00f6r att l\u00e5ta dig inspireras till att v\u00e4xa som chef och ledare. Tillsammans g\u00f6r vi varandra b\u00e4ttre genom generositet, gl\u00e4dje, energi och tillit.","robots":{"index":"index","follow":"follow","max-snippet":"max-snippet:-1","max-image-preview":"max-image-preview:large","max-video-preview":"max-video-preview:-1"},"canonical":"https:\/\/egn.com\/se\/hur-bra-arbetar-du-med-kollegor-med-vitt-skilda-asikter\/","og_locale":"sv_SE","og_type":"article","og_title":"Hur bra arbetar du med kollegor med vitt skilda \u00e5sikter?","og_description":"Hur \u00e4r st\u00e4mningen p\u00e5 din arbetsplats? \u00c4r du med och skapar h\u00f6jd i taket eller hur villkorlig \u00e4r acceptansen f\u00f6r olika ideologier och \u00e5sk\u00e5dningar i din n\u00e4rmilj\u00f6?","og_url":"https:\/\/egn.com\/se\/hur-bra-arbetar-du-med-kollegor-med-vitt-skilda-asikter\/","og_site_name":"EGN Sverige","article_publisher":"https:\/\/www.facebook.com\/egnsverige\/","article_published_time":"2020-11-10T09:35:45+00:00","article_modified_time":"2020-11-12T07:18:53+00:00","og_image":[{"width":3000,"height":2319,"url":"https:\/\/egn.com\/se\/wp-content\/uploads\/sites\/6\/2020\/11\/the-two-boys-fighting-PNS9HKU-scaled.jpg","type":"image\/jpeg"}],"author":"teddywestlund","twitter_card":"summary_large_image","twitter_misc":{"Skriven av":"teddywestlund","Ber\u00e4knad l\u00e4stid":"3 minuter"},"schema":{"@context":"https:\/\/schema.org","@graph":[{"@type":"Article","@id":"https:\/\/egn.com\/se\/hur-bra-arbetar-du-med-kollegor-med-vitt-skilda-asikter\/#article","isPartOf":{"@id":"https:\/\/egn.com\/se\/hur-bra-arbetar-du-med-kollegor-med-vitt-skilda-asikter\/"},"author":{"name":"teddywestlund","@id":"https:\/\/egn.com\/se\/#\/schema\/person\/3da3209858548246e07549b3214acdf3"},"headline":"Hur bra arbetar du med kollegor med vitt skilda \u00e5sikter?","datePublished":"2020-11-10T09:35:45+00:00","dateModified":"2020-11-12T07:18:53+00:00","mainEntityOfPage":{"@id":"https:\/\/egn.com\/se\/hur-bra-arbetar-du-med-kollegor-med-vitt-skilda-asikter\/"},"wordCount":641,"publisher":{"@id":"https:\/\/egn.com\/se\/#organization"},"image":{"@id":"https:\/\/egn.com\/se\/hur-bra-arbetar-du-med-kollegor-med-vitt-skilda-asikter\/#primaryimage"},"thumbnailUrl":"https:\/\/egn.com\/se\/wp-content\/uploads\/sites\/6\/2020\/11\/the-two-boys-fighting-PNS9HKU-scaled.jpg","articleSection":["Insights"],"inLanguage":"sv-SE"},{"@type":"WebPage","@id":"https:\/\/egn.com\/se\/hur-bra-arbetar-du-med-kollegor-med-vitt-skilda-asikter\/","url":"https:\/\/egn.com\/se\/hur-bra-arbetar-du-med-kollegor-med-vitt-skilda-asikter\/","name":"Hur bra arbetar du med kollegor med vitt skilda \u00e5sikter? | EGN Sverige","isPartOf":{"@id":"https:\/\/egn.com\/se\/#website"},"primaryImageOfPage":{"@id":"https:\/\/egn.com\/se\/hur-bra-arbetar-du-med-kollegor-med-vitt-skilda-asikter\/#primaryimage"},"image":{"@id":"https:\/\/egn.com\/se\/hur-bra-arbetar-du-med-kollegor-med-vitt-skilda-asikter\/#primaryimage"},"thumbnailUrl":"https:\/\/egn.com\/se\/wp-content\/uploads\/sites\/6\/2020\/11\/the-two-boys-fighting-PNS9HKU-scaled.jpg","datePublished":"2020-11-10T09:35:45+00:00","dateModified":"2020-11-12T07:18:53+00:00","description":"EGN Sverige skriver artiklar och kr\u00f6nikor f\u00f6r att l\u00e5ta dig inspireras till att v\u00e4xa som chef och ledare. Tillsammans g\u00f6r vi varandra b\u00e4ttre genom generositet, gl\u00e4dje, energi och tillit.","breadcrumb":{"@id":"https:\/\/egn.com\/se\/hur-bra-arbetar-du-med-kollegor-med-vitt-skilda-asikter\/#breadcrumb"},"inLanguage":"sv-SE","potentialAction":[{"@type":"ReadAction","target":["https:\/\/egn.com\/se\/hur-bra-arbetar-du-med-kollegor-med-vitt-skilda-asikter\/"]}]},{"@type":"ImageObject","inLanguage":"sv-SE","@id":"https:\/\/egn.com\/se\/hur-bra-arbetar-du-med-kollegor-med-vitt-skilda-asikter\/#primaryimage","url":"https:\/\/egn.com\/se\/wp-content\/uploads\/sites\/6\/2020\/11\/the-two-boys-fighting-PNS9HKU-scaled.jpg","contentUrl":"https:\/\/egn.com\/se\/wp-content\/uploads\/sites\/6\/2020\/11\/the-two-boys-fighting-PNS9HKU-scaled.jpg","width":3000,"height":2319,"caption":"The teen boys fighting at Aikido training in martial arts school. Healthy lifestyle and sports concept. Teenagers in white kimono on white background. Children with concentrated faces"},{"@type":"BreadcrumbList","@id":"https:\/\/egn.com\/se\/hur-bra-arbetar-du-med-kollegor-med-vitt-skilda-asikter\/#breadcrumb","itemListElement":[{"@type":"ListItem","position":1,"name":"Hem","item":"https:\/\/egn.com\/se\/"},{"@type":"ListItem","position":2,"name":"Hur bra arbetar du med kollegor med vitt&hellip;"}]},{"@type":"WebSite","@id":"https:\/\/egn.com\/se\/#website","url":"https:\/\/egn.com\/se\/","name":"EGN Sverige","description":"Professionella n\u00e4tverk f\u00f6r ledare och specialister","publisher":{"@id":"https:\/\/egn.com\/se\/#organization"},"potentialAction":[{"@type":"SearchAction","target":{"@type":"EntryPoint","urlTemplate":"https:\/\/egn.com\/se\/?s={search_term_string}"},"query-input":{"@type":"PropertyValueSpecification","valueRequired":true,"valueName":"search_term_string"}}],"inLanguage":"sv-SE"},{"@type":"Organization","@id":"https:\/\/egn.com\/se\/#organization","name":"EGN Sverige","alternateName":"EGN","url":"https:\/\/egn.com\/se\/","logo":{"@type":"ImageObject","inLanguage":"sv-SE","@id":"https:\/\/egn.com\/se\/#\/schema\/logo\/image\/","url":"https:\/\/egn.com\/se\/wp-content\/uploads\/sites\/6\/2026\/02\/EGN.png","contentUrl":"https:\/\/egn.com\/se\/wp-content\/uploads\/sites\/6\/2026\/02\/EGN.png","width":2185,"height":699,"caption":"EGN Sverige"},"image":{"@id":"https:\/\/egn.com\/se\/#\/schema\/logo\/image\/"},"sameAs":["https:\/\/www.facebook.com\/egnsverige\/","https:\/\/www.instagram.com\/egnsverige","https:\/\/www.linkedin.com\/company\/executives-global-network"],"description":"EGN Sverige \u00e4r Sveriges st\u00f6rsta kompetensn\u00e4tverk f\u00f6r chefer och ledare som vill utveckla sitt ledarskap. Vi jobbar f\u00f6r att chefer och ledare tillsammans ska utvecklas och hj\u00e4lpa varandra med de utmaningar som man st\u00f6ter p\u00e5 i sin profession.","email":"info@egn.se","telephone":"+468210722","vatID":"556739-7905"},{"@type":"Person","@id":"https:\/\/egn.com\/se\/#\/schema\/person\/3da3209858548246e07549b3214acdf3","name":"teddywestlund","image":{"@type":"ImageObject","inLanguage":"sv-SE","@id":"https:\/\/secure.gravatar.com\/avatar\/3f51ca2bf516f332935d1c454b54add3cb558a0e74cbe71dbdb762ac63d44e80?s=96&d=mm&r=g","url":"https:\/\/secure.gravatar.com\/avatar\/3f51ca2bf516f332935d1c454b54add3cb558a0e74cbe71dbdb762ac63d44e80?s=96&d=mm&r=g","contentUrl":"https:\/\/secure.gravatar.com\/avatar\/3f51ca2bf516f332935d1c454b54add3cb558a0e74cbe71dbdb762ac63d44e80?s=96&d=mm&r=g","caption":"teddywestlund"},"url":"https:\/\/egn.com\/se\/author\/teddywestlund\/"}]}},"_links":{"self":[{"href":"https:\/\/egn.com\/se\/wp-json\/wp\/v2\/posts\/2825","targetHints":{"allow":["GET"]}}],"collection":[{"href":"https:\/\/egn.com\/se\/wp-json\/wp\/v2\/posts"}],"about":[{"href":"https:\/\/egn.com\/se\/wp-json\/wp\/v2\/types\/post"}],"author":[{"embeddable":true,"href":"https:\/\/egn.com\/se\/wp-json\/wp\/v2\/users\/36"}],"replies":[{"embeddable":true,"href":"https:\/\/egn.com\/se\/wp-json\/wp\/v2\/comments?post=2825"}],"version-history":[{"count":0,"href":"https:\/\/egn.com\/se\/wp-json\/wp\/v2\/posts\/2825\/revisions"}],"wp:featuredmedia":[{"embeddable":true,"href":"https:\/\/egn.com\/se\/wp-json\/wp\/v2\/media\/2827"}],"wp:attachment":[{"href":"https:\/\/egn.com\/se\/wp-json\/wp\/v2\/media?parent=2825"}],"wp:term":[{"taxonomy":"category","embeddable":true,"href":"https:\/\/egn.com\/se\/wp-json\/wp\/v2\/categories?post=2825"},{"taxonomy":"post_tag","embeddable":true,"href":"https:\/\/egn.com\/se\/wp-json\/wp\/v2\/tags?post=2825"}],"curies":[{"name":"wp","href":"https:\/\/api.w.org\/{rel}","templated":true}]}}